{"id":2386,"date":"2010-10-29T20:36:58","date_gmt":"2010-10-29T22:36:58","guid":{"rendered":"http:\/\/www.locoxelrojo.com.ar\/independiente\/?p=2386"},"modified":"2010-10-29T20:36:58","modified_gmt":"2010-10-29T22:36:58","slug":"cambio-de-fichas","status":"publish","type":"post","link":"https:\/\/www.locoxelrojo.com\/independiente\/2010\/10\/29\/cambio-de-fichas\/","title":{"rendered":"Cambio de fichas"},"content":{"rendered":"<p><a href=\"http:\/\/www.locoxelrojo.com.ar\/independiente\/wp-content\/uploads\/2010\/10\/carlitos_predio.jpg\"><img loading=\"lazy\" class=\"alignnone size-full wp-image-2387\" title=\"carlitos_predio\" src=\"http:\/\/www.locoxelrojo.com.ar\/independiente\/wp-content\/uploads\/2010\/10\/carlitos_predio.jpg\" alt=\"\" width=\"550\" height=\"315\" srcset=\"https:\/\/locoxelrojo.com\/independiente\/wp-content\/uploads\/2010\/10\/carlitos_predio.jpg 550w, https:\/\/locoxelrojo.com\/independiente\/wp-content\/uploads\/2010\/10\/carlitos_predio-300x171.jpg 300w\" sizes=\"(max-width: 550px) 100vw, 550px\" \/><\/a><\/p>\n<p>El f\u00fatbol esta parado por una semana pero Independiente sigue con los entrenamientos pensando en el partido que el pr\u00f3ximo mi\u00e9rcoles tiene contra Deportes Tolima por la Copa Sudamericana. Ese uno de los objetivos que se puso en mente el plantel y trabajan duro para llegar de la mejor forma.<\/p>\n<p>Al igual que el d\u00eda jueves el entrenamiento de hoy viernes fue a puertas cerradas. Mohamed sac\u00f3 del equipo a Carlos Matheu y en su lugar puso a Patricio Rodr\u00edguez. Movi\u00f3 fichas y pas\u00f3 a Eduardo Tuzzio a la cueva. El resto del equipo fue el mismo que par\u00f3 en la pr\u00e1ctica de ayer y seguramente va a ser el que salga en cancha en tierras colombianas.<\/p>\n<p>Faltan varios d\u00edas y hay varios muchachos que estan en proceso de recuperaci\u00f3n. Godoy es uno de ellos quien de estar en condiciones de jugar ingresar\u00e1 en lugar de Roberto Batti\u00f3n. Quien qued\u00f3 descartado es Federico Mancuello.<\/p>\n<p><strong>Los 11: Hilario Navarro; Galeano, Tuzzio, Vel\u00e1zquez; Cabrera, Batti\u00f3n, Fredes, Mareque; Rodr\u00edguez; Parra y Andr\u00e9s Silvera.<\/strong><\/p>\n<p>El plantel estar\u00e1 viajando rumbo a Colombia el d\u00eda domingo. La vuelta a Buenos Aires est\u00e1 programada para el d\u00eda jueves para empezar a trabajar de cara al partido suspendido frente a San Lorenzo en el Nuevo Gas\u00f3metro.<\/p>\n","protected":false},"excerpt":{"rendered":"<p>El f\u00fatbol esta parado por una semana pero Independiente sigue con los entrenamientos pensando en el partido que el pr\u00f3ximo mi\u00e9rcoles tiene contra Deportes Tolima por la Copa Sudamericana. Ese uno de los objetivos que se puso en mente el plantel y trabajan duro para llegar de la mejor forma. Al igual que el d\u00eda [&hellip;]<\/p>\n","protected":false},"author":1,"featured_media":0,"comment_status":"open","ping_status":"open","sticky":false,"template":"","format":"standard","meta":{"_links_to":"","_links_to_target":""},"categories":[7,3,1],"tags":[115,27,3266,135,41],"_links":{"self":[{"href":"https:\/\/www.locoxelrojo.com\/independiente\/wp-json\/wp\/v2\/posts\/2386"}],"collection":[{"href":"https:\/\/www.locoxelrojo.com\/independiente\/wp-json\/wp\/v2\/posts"}],"about":[{"href":"https:\/\/www.locoxelrojo.com\/independiente\/wp-json\/wp\/v2\/types\/post"}],"author":[{"embeddable":true,"href":"https:\/\/www.locoxelrojo.com\/independiente\/wp-json\/wp\/v2\/users\/1"}],"replies":[{"embeddable":true,"href":"https:\/\/www.locoxelrojo.com\/independiente\/wp-json\/wp\/v2\/comments?post=2386"}],"version-history":[{"count":0,"href":"https:\/\/www.locoxelrojo.com\/independiente\/wp-json\/wp\/v2\/posts\/2386\/revisions"}],"wp:attachment":[{"href":"https:\/\/www.locoxelrojo.com\/independiente\/wp-json\/wp\/v2\/media?parent=2386"}],"wp:term":[{"taxonomy":"category","embeddable":true,"href":"https:\/\/www.locoxelrojo.com\/independiente\/wp-json\/wp\/v2\/categories?post=2386"},{"taxonomy":"post_tag","embeddable":true,"href":"https:\/\/www.locoxelrojo.com\/independiente\/wp-json\/wp\/v2\/tags?post=2386"}],"curies":[{"name":"wp","href":"https:\/\/api.w.org\/{rel}","templated":true}]}}