{"id":2389,"date":"2010-10-29T21:47:18","date_gmt":"2010-10-29T23:47:18","guid":{"rendered":"http:\/\/www.locoxelrojo.com.ar\/independiente\/?p=2389"},"modified":"2010-10-29T21:47:18","modified_gmt":"2010-10-29T23:47:18","slug":"%c2%bfhilario-a-la-seleccion-de-paraguay","status":"publish","type":"post","link":"https:\/\/www.locoxelrojo.com\/independiente\/2010\/10\/29\/%c2%bfhilario-a-la-seleccion-de-paraguay\/","title":{"rendered":"\u00bfHilario a la Selecci\u00f3n de Parag\u00fcay?"},"content":{"rendered":"<p><a href=\"http:\/\/www.locoxelrojo.com.ar\/independiente\/wp-content\/uploads\/2010\/10\/hilarionavarro.jpg\"><img loading=\"lazy\" class=\"alignnone size-full wp-image-2391\" title=\"hilarionavarro\" src=\"http:\/\/www.locoxelrojo.com.ar\/independiente\/wp-content\/uploads\/2010\/10\/hilarionavarro.jpg\" alt=\"\" width=\"550\" height=\"315\" srcset=\"https:\/\/locoxelrojo.com\/independiente\/wp-content\/uploads\/2010\/10\/hilarionavarro.jpg 550w, https:\/\/locoxelrojo.com\/independiente\/wp-content\/uploads\/2010\/10\/hilarionavarro-300x171.jpg 300w\" sizes=\"(max-width: 550px) 100vw, 550px\" \/><\/a><\/p>\n<p>Por la cabeza de Gerardo Marino, DT de la Selecci\u00f3n de Parag\u00fcay, pasa la idea de contar con el arquero Hilario Navarro y que forme parte del seleccionado.<br \/>\nAl arquero correntino la idea lo seduce. \u00c9l prefiere defender los coleres argentinos pero sabe y es conciente que las chances de atajar en un Mundial son mayores en la Selecci\u00f3n Parag\u00fcaya.<\/p>\n<p>De tomar esa decisi\u00f3n Hilario deber\u00eda nacionalizarse. Puede hacerlo ya que su esposa Rocio y su hijo Luca ambos son Paraguayos.<\/p>\n<p>En declaraciones al <strong>Diario Ol\u00e9<\/strong> confes\u00f3 estar pensando la oferta.<strong> \u201cPed\u00ed 15 d\u00edas para tomar una decisi\u00f3n. El ofrecimiento me cae muy bien, porque significa que uno est\u00e1 haciendo las cosas bien en su club\u201d<\/strong>.<\/p>\n<p>De confirmarse esta movida, ser\u00e1 el cuarto futbolista compatriota reclutado por el argentino Gerardo Martino, junto con Jonathan Santana, N\u00e9stor Ortigoza y Lucas Barrios.<\/p>\n","protected":false},"excerpt":{"rendered":"<p>Por la cabeza de Gerardo Marino, DT de la Selecci\u00f3n de Parag\u00fcay, pasa la idea de contar con el arquero Hilario Navarro y que forme parte del seleccionado. Al arquero correntino la idea lo seduce. \u00c9l prefiere defender los coleres argentinos pero sabe y es conciente que las chances de atajar en un Mundial son [&hellip;]<\/p>\n","protected":false},"author":1,"featured_media":0,"comment_status":"open","ping_status":"open","sticky":false,"template":"","format":"standard","meta":{"_links_to":"","_links_to_target":""},"categories":[3,1],"tags":[201,76],"_links":{"self":[{"href":"https:\/\/www.locoxelrojo.com\/independiente\/wp-json\/wp\/v2\/posts\/2389"}],"collection":[{"href":"https:\/\/www.locoxelrojo.com\/independiente\/wp-json\/wp\/v2\/posts"}],"about":[{"href":"https:\/\/www.locoxelrojo.com\/independiente\/wp-json\/wp\/v2\/types\/post"}],"author":[{"embeddable":true,"href":"https:\/\/www.locoxelrojo.com\/independiente\/wp-json\/wp\/v2\/users\/1"}],"replies":[{"embeddable":true,"href":"https:\/\/www.locoxelrojo.com\/independiente\/wp-json\/wp\/v2\/comments?post=2389"}],"version-history":[{"count":0,"href":"https:\/\/www.locoxelrojo.com\/independiente\/wp-json\/wp\/v2\/posts\/2389\/revisions"}],"wp:attachment":[{"href":"https:\/\/www.locoxelrojo.com\/independiente\/wp-json\/wp\/v2\/media?parent=2389"}],"wp:term":[{"taxonomy":"category","embeddable":true,"href":"https:\/\/www.locoxelrojo.com\/independiente\/wp-json\/wp\/v2\/categories?post=2389"},{"taxonomy":"post_tag","embeddable":true,"href":"https:\/\/www.locoxelrojo.com\/independiente\/wp-json\/wp\/v2\/tags?post=2389"}],"curies":[{"name":"wp","href":"https:\/\/api.w.org\/{rel}","templated":true}]}}