{"id":239,"date":"2010-08-19T20:30:52","date_gmt":"2010-08-19T23:30:52","guid":{"rendered":"http:\/\/www.locoxelrojo.com.ar\/independiente\/?p=239"},"modified":"2015-09-08T22:03:14","modified_gmt":"2015-09-09T01:03:14","slug":"los-primeros-trabajos-con-pelota-de-busse","status":"publish","type":"post","link":"https:\/\/www.locoxelrojo.com\/independiente\/2010\/08\/19\/los-primeros-trabajos-con-pelota-de-busse\/","title":{"rendered":"Los primeros trabajos con pelota de Busse"},"content":{"rendered":"<p><a href=\"http:\/\/www.locoxelrojo.com.ar\/independiente\/wp-content\/uploads\/2010\/08\/busse.jpg\"><img loading=\"lazy\" class=\"alignnone size-full wp-image-240\" title=\"busse\" src=\"http:\/\/www.locoxelrojo.com.ar\/independiente\/wp-content\/uploads\/2010\/08\/busse.jpg\" alt=\"\" width=\"550\" height=\"315\" srcset=\"https:\/\/locoxelrojo.com\/independiente\/wp-content\/uploads\/2010\/08\/busse.jpg 550w, https:\/\/locoxelrojo.com\/independiente\/wp-content\/uploads\/2010\/08\/busse-300x171.jpg 300w\" sizes=\"(max-width: 550px) 100vw, 550px\" \/><\/a><\/p>\n<p>LxR observa que los diferentes medios partidarios, televisivos y la prensa grafica hacen hincapi\u00e9 en la vuelta al futbol de Mart\u00edn G\u00f3mez. <strong>Sin embargo otro que tuvo sus primeros contactos con la pelota fue Walter Busse.<\/strong><\/p>\n<p>En la pr\u00e1ctica de hoy, la cual abri\u00f3 las puertas a la prensa a las 11 horas, mientras el plantel profesional tiraba centros en uno de los arcos, \u00a0Busse hacia trabajos f\u00edsicos donde se busco potenciar el tren inferior. Detr\u00e1s de uno de los arcos salto los conos y e hizo ejercicios de equilibrio para potenciar los gemelos. Por ultimo se lo ato de una soga sujeta a una pared, haci\u00e9ndolo correr. Con este ejercicio se trabaja el tren superior y potenciar las piernas, ya que \u00a0debido a la falta de futbol se pierde mucha masa muscular.<\/p>\n<p><strong>Al finalizar los ejercicios y con permiso del cuerpo m\u00e9dico se fue hacia el arco en el que trabajaba el plantel profesional y tuvo contacto con la pelota. Dio unos pases con sus compa\u00f1eros y hasta se anim\u00f3 a patear un poco al arco.<\/strong><\/p>\n","protected":false},"excerpt":{"rendered":"<p>LxR observa que los diferentes medios partidarios, televisivos y la prensa grafica hacen hincapi\u00e9 en la vuelta al futbol de Mart\u00edn G\u00f3mez. Sin embargo otro que tuvo sus primeros contactos con la pelota fue Walter Busse. En la pr\u00e1ctica de hoy, la cual abri\u00f3 las puertas a la prensa a las 11 horas, mientras el [&hellip;]<\/p>\n","protected":false},"author":1,"featured_media":0,"comment_status":"open","ping_status":"open","sticky":false,"template":"","format":"standard","meta":{"_links_to":"","_links_to_target":""},"categories":[3,1],"tags":[26,172,28],"_links":{"self":[{"href":"https:\/\/www.locoxelrojo.com\/independiente\/wp-json\/wp\/v2\/posts\/239"}],"collection":[{"href":"https:\/\/www.locoxelrojo.com\/independiente\/wp-json\/wp\/v2\/posts"}],"about":[{"href":"https:\/\/www.locoxelrojo.com\/independiente\/wp-json\/wp\/v2\/types\/post"}],"author":[{"embeddable":true,"href":"https:\/\/www.locoxelrojo.com\/independiente\/wp-json\/wp\/v2\/users\/1"}],"replies":[{"embeddable":true,"href":"https:\/\/www.locoxelrojo.com\/independiente\/wp-json\/wp\/v2\/comments?post=239"}],"version-history":[{"count":0,"href":"https:\/\/www.locoxelrojo.com\/independiente\/wp-json\/wp\/v2\/posts\/239\/revisions"}],"wp:attachment":[{"href":"https:\/\/www.locoxelrojo.com\/independiente\/wp-json\/wp\/v2\/media?parent=239"}],"wp:term":[{"taxonomy":"category","embeddable":true,"href":"https:\/\/www.locoxelrojo.com\/independiente\/wp-json\/wp\/v2\/categories?post=239"},{"taxonomy":"post_tag","embeddable":true,"href":"https:\/\/www.locoxelrojo.com\/independiente\/wp-json\/wp\/v2\/tags?post=239"}],"curies":[{"name":"wp","href":"https:\/\/api.w.org\/{rel}","templated":true}]}}