{"id":2394,"date":"2010-10-29T22:47:12","date_gmt":"2010-10-30T00:47:12","guid":{"rendered":"http:\/\/www.locoxelrojo.com.ar\/independiente\/?p=2394"},"modified":"2015-09-09T04:58:57","modified_gmt":"2015-09-09T07:58:57","slug":"patito-es-muy-lindo-representar-a-independiente-en-el-exterior","status":"publish","type":"post","link":"https:\/\/www.locoxelrojo.com\/independiente\/2010\/10\/29\/patito-es-muy-lindo-representar-a-independiente-en-el-exterior\/","title":{"rendered":"P. Rodr\u00edguez: &#8220;Es muy lindo representar a Independiente en el exterior&#8221;"},"content":{"rendered":"<p><a href=\"http:\/\/www.locoxelrojo.com.ar\/independiente\/wp-content\/uploads\/2010\/10\/pato.jpg\"><img loading=\"lazy\" class=\"alignnone size-full wp-image-2395\" title=\"pato\" src=\"http:\/\/www.locoxelrojo.com.ar\/independiente\/wp-content\/uploads\/2010\/10\/pato.jpg\" alt=\"\" width=\"550\" height=\"315\" srcset=\"https:\/\/locoxelrojo.com\/independiente\/wp-content\/uploads\/2010\/10\/pato.jpg 550w, https:\/\/locoxelrojo.com\/independiente\/wp-content\/uploads\/2010\/10\/pato-300x171.jpg 300w\" sizes=\"(max-width: 550px) 100vw, 550px\" \/><\/a><\/p>\n<p>Luego de la pr\u00e1ctica Patricio Rodr\u00edguez hablo con la prensa sobre sus expectativas para el encuentro en Colombia. Ayer el Turco no lo puso en el equipo, pero hoy cambi\u00f3 de idea y el Patito fue el enganche para los titulares.<\/p>\n<p><strong>&#8220;Es muy lindo representar a Independiente en el exterior&#8221;<\/strong>, confeso Rodr\u00edguez quien tuvo la chance de hacerlo en Uruguay y lo repetir\u00eda en Colombia. Adem\u00e1s agreg\u00f3 que <strong>\u201cel equipo est\u00e1 muy bien\u201d<\/strong> y que el Mohamed <strong>\u201cprob\u00f3 2 o 3 variantes y hay que ver porque se decide\u201d.<\/strong><\/p>\n<p><strong>Ver video completo gentileza de Fantasma Rojo:<\/strong><\/p>\n<p><object width=\"480\" height=\"385\" classid=\"clsid:d27cdb6e-ae6d-11cf-96b8-444553540000\" codebase=\"http:\/\/download.macromedia.com\/pub\/shockwave\/cabs\/flash\/swflash.cab#version=6,0,40,0\"><param name=\"allowFullScreen\" value=\"true\" \/><param name=\"allowscriptaccess\" value=\"always\" \/><param name=\"src\" value=\"http:\/\/www.youtube.com\/v\/UTmI_0fZ3nA?fs=1&amp;hl=es_ES\" \/><param name=\"allowfullscreen\" value=\"true\" \/><embed type=\"application\/x-shockwave-flash\" width=\"480\" height=\"385\" src=\"http:\/\/www.youtube.com\/v\/UTmI_0fZ3nA?fs=1&amp;hl=es_ES\" allowscriptaccess=\"always\" allowfullscreen=\"true\"><\/embed><\/object><\/p>\n","protected":false},"excerpt":{"rendered":"<p>Luego de la pr\u00e1ctica Patricio Rodr\u00edguez hablo con la prensa sobre sus expectativas para el encuentro en Colombia. Ayer el Turco no lo puso en el equipo, pero hoy cambi\u00f3 de idea y el Patito fue el enganche para los titulares. &#8220;Es muy lindo representar a Independiente en el exterior&#8221;, confeso Rodr\u00edguez quien tuvo la [&hellip;]<\/p>\n","protected":false},"author":1,"featured_media":0,"comment_status":"open","ping_status":"open","sticky":false,"template":"","format":"standard","meta":{"_links_to":"","_links_to_target":""},"categories":[7,3,1],"tags":[202,41],"_links":{"self":[{"href":"https:\/\/www.locoxelrojo.com\/independiente\/wp-json\/wp\/v2\/posts\/2394"}],"collection":[{"href":"https:\/\/www.locoxelrojo.com\/independiente\/wp-json\/wp\/v2\/posts"}],"about":[{"href":"https:\/\/www.locoxelrojo.com\/independiente\/wp-json\/wp\/v2\/types\/post"}],"author":[{"embeddable":true,"href":"https:\/\/www.locoxelrojo.com\/independiente\/wp-json\/wp\/v2\/users\/1"}],"replies":[{"embeddable":true,"href":"https:\/\/www.locoxelrojo.com\/independiente\/wp-json\/wp\/v2\/comments?post=2394"}],"version-history":[{"count":0,"href":"https:\/\/www.locoxelrojo.com\/independiente\/wp-json\/wp\/v2\/posts\/2394\/revisions"}],"wp:attachment":[{"href":"https:\/\/www.locoxelrojo.com\/independiente\/wp-json\/wp\/v2\/media?parent=2394"}],"wp:term":[{"taxonomy":"category","embeddable":true,"href":"https:\/\/www.locoxelrojo.com\/independiente\/wp-json\/wp\/v2\/categories?post=2394"},{"taxonomy":"post_tag","embeddable":true,"href":"https:\/\/www.locoxelrojo.com\/independiente\/wp-json\/wp\/v2\/tags?post=2394"}],"curies":[{"name":"wp","href":"https:\/\/api.w.org\/{rel}","templated":true}]}}