{"id":2399,"date":"2010-10-30T23:27:11","date_gmt":"2010-10-31T01:27:11","guid":{"rendered":"http:\/\/www.locoxelrojo.com.ar\/independiente\/?p=2399"},"modified":"2010-10-30T23:37:06","modified_gmt":"2010-10-31T01:37:06","slug":"con-el-11-casi-listo","status":"publish","type":"post","link":"https:\/\/www.locoxelrojo.com\/independiente\/2010\/10\/30\/con-el-11-casi-listo\/","title":{"rendered":"Con el 11 casi listo"},"content":{"rendered":"<p><a href=\"http:\/\/www.locoxelrojo.com.ar\/independiente\/wp-content\/uploads\/2010\/10\/entrenamiento4.jpg\"><img loading=\"lazy\" class=\"alignnone size-full wp-image-1842\" title=\"entrenamiento\" src=\"http:\/\/www.locoxelrojo.com.ar\/independiente\/wp-content\/uploads\/2010\/10\/cuqui-estadio.jpg\" alt=\"\" width=\"550\" height=\"315\" \/><\/a><\/p>\n<p>La pr\u00e1ctica del s\u00e1bado no tuvo sorpresas en el Libertadores de Am\u00e9rica, Independiente se entren\u00f3 en la previa al viaje a Colombia y Mohamed repiti\u00f3 los mismos 11 que ayer: <strong>Hilario Navarro; Juli\u00e1n Vel\u00e1zquez, Eduardo Tuzzio, Leonel Galeano; Nicol\u00e1s Cabrera, Roberto Batti\u00f3n, Hern\u00e1n Fredes, Lucas Mareque; Patricio Rodr\u00edguez; Facundo Parra y Andr\u00e9s Silvera.<\/strong><\/p>\n<p>En tanto, el plantel hizo como lo viene haciendo desde el jueves pasado pelota parada en la previa de la pr\u00e1ctica de f\u00fatbol. A las 23 horas ser\u00e1 el turno de quedar concentrados y dormir en el Hotel Intercontinental teniendo en cuenta de que el vuelo a Bogot\u00e1 ser\u00e1 ma\u00f1ana a partir de las 8,00 am. Una vez en tierras colombianas, el plantel de 21 jugadores m\u00e1s cuerpo t\u00e9cnico y dirigentes, volar\u00e1n a Ibagu\u00e9 en charter.<\/p>\n<p>Como te lo anticip\u00f3 en la semana LocoxelRojo Web, Federico Mancuello se qued\u00f3 afuera de la lista de los concentrados y Fernando Godoy quiere jugar, aunque sea infiltrado. De no hacerlo, su reemplazante neto ser\u00e1 Roberto Batti\u00f3n a quien a\u00fan le faltan minutos de f\u00fatbol al igual que Carlos Matheu.<\/p>\n","protected":false},"excerpt":{"rendered":"<p>La pr\u00e1ctica del s\u00e1bado no tuvo sorpresas en el Libertadores de Am\u00e9rica, Independiente se entren\u00f3 en la previa al viaje a Colombia y Mohamed repiti\u00f3 los mismos 11 que ayer: Hilario Navarro; Juli\u00e1n Vel\u00e1zquez, Eduardo Tuzzio, Leonel Galeano; Nicol\u00e1s Cabrera, Roberto Batti\u00f3n, Hern\u00e1n Fredes, Lucas Mareque; Patricio Rodr\u00edguez; Facundo Parra y Andr\u00e9s Silvera. En tanto, [&hellip;]<\/p>\n","protected":false},"author":1,"featured_media":0,"comment_status":"open","ping_status":"open","sticky":false,"template":"","format":"standard","meta":{"_links_to":"","_links_to_target":""},"categories":[7,3,1],"tags":[115,48,29,31],"_links":{"self":[{"href":"https:\/\/www.locoxelrojo.com\/independiente\/wp-json\/wp\/v2\/posts\/2399"}],"collection":[{"href":"https:\/\/www.locoxelrojo.com\/independiente\/wp-json\/wp\/v2\/posts"}],"about":[{"href":"https:\/\/www.locoxelrojo.com\/independiente\/wp-json\/wp\/v2\/types\/post"}],"author":[{"embeddable":true,"href":"https:\/\/www.locoxelrojo.com\/independiente\/wp-json\/wp\/v2\/users\/1"}],"replies":[{"embeddable":true,"href":"https:\/\/www.locoxelrojo.com\/independiente\/wp-json\/wp\/v2\/comments?post=2399"}],"version-history":[{"count":0,"href":"https:\/\/www.locoxelrojo.com\/independiente\/wp-json\/wp\/v2\/posts\/2399\/revisions"}],"wp:attachment":[{"href":"https:\/\/www.locoxelrojo.com\/independiente\/wp-json\/wp\/v2\/media?parent=2399"}],"wp:term":[{"taxonomy":"category","embeddable":true,"href":"https:\/\/www.locoxelrojo.com\/independiente\/wp-json\/wp\/v2\/categories?post=2399"},{"taxonomy":"post_tag","embeddable":true,"href":"https:\/\/www.locoxelrojo.com\/independiente\/wp-json\/wp\/v2\/tags?post=2399"}],"curies":[{"name":"wp","href":"https:\/\/api.w.org\/{rel}","templated":true}]}}