{"id":2402,"date":"2010-10-30T23:47:32","date_gmt":"2010-10-31T01:47:32","guid":{"rendered":"http:\/\/www.locoxelrojo.com.ar\/independiente\/?p=2402"},"modified":"2015-09-09T04:59:35","modified_gmt":"2015-09-09T07:59:35","slug":"21-son-los-concentrados-que-viajan-a-colombia","status":"publish","type":"post","link":"https:\/\/www.locoxelrojo.com\/independiente\/2010\/10\/30\/21-son-los-concentrados-que-viajan-a-colombia\/","title":{"rendered":"Concentrados vs. Deportes Tolima"},"content":{"rendered":"<p><a href=\"http:\/\/www.locoxelrojo.com.ar\/independiente\/wp-content\/uploads\/2010\/10\/turco-est.jpg\"><img loading=\"lazy\" class=\"alignnone size-full wp-image-2407\" title=\"turco-est\" src=\"http:\/\/www.locoxelrojo.com.ar\/independiente\/wp-content\/uploads\/2010\/10\/turco-est.jpg\" alt=\"\" width=\"550\" height=\"315\" srcset=\"https:\/\/locoxelrojo.com\/independiente\/wp-content\/uploads\/2010\/10\/turco-est.jpg 550w, https:\/\/locoxelrojo.com\/independiente\/wp-content\/uploads\/2010\/10\/turco-est-300x171.jpg 300w\" sizes=\"(max-width: 550px) 100vw, 550px\" \/><\/a><\/p>\n<p>Antonio Mohamed entreg\u00f3 la lista de concentrados para el partido contra Deportes Tolima. El plantel de Independiente partir\u00e1 el domingo a las 8 de la ma\u00f1ana desde Ezeiza, con escala en Bogot\u00e1 (llegan a las 12.40 hora colombiana) y luego tomar\u00e1n otro vuelo a Ibagu\u00e9.<\/p>\n<p>La vuelta\u00a0 s\u00ed ser\u00e1 en un vuelo charter, el cual partir\u00e1 el mismo mi\u00e9rcoles, luego del partido.<br \/>\n<strong><br \/>\nConcentrados:<\/strong><\/p>\n<p><strong>Arqueros:<\/strong> Fabi\u00e1n Assman, Adri\u00e1n Gabbarini e\u00a0Hilario Navarro.<\/p>\n<p><strong>Defensores:<\/strong> Carlos Matheu, Eduardo Tuzzio, Lucas Mareque, Leonel Galeano, Juli\u00e1n Vel\u00e1zquez, Maximiliano Vel\u00e1zquez.<\/p>\n<p><strong>Volantes:<\/strong> Hern\u00e1n Fredes, Nicol\u00e1s Cabrera, Fernando Godoy, Cristian Pellerano, Leandro Graci\u00e1n, Roberto Batti\u00f3n y Nicol\u00e1s Mart\u00ednez.<\/p>\n<p><strong>Delanteros:<\/strong> Andr\u00e9s Silvera, Facundo Parra, Mart\u00edn G\u00f3mez, Patricio Rodr\u00edguez y\u00a0Germ\u00e1n Pacheco.<\/p>\n","protected":false},"excerpt":{"rendered":"<p>Antonio Mohamed entreg\u00f3 la lista de concentrados para el partido contra Deportes Tolima. El plantel de Independiente partir\u00e1 el domingo a las 8 de la ma\u00f1ana desde Ezeiza, con escala en Bogot\u00e1 (llegan a las 12.40 hora colombiana) y luego tomar\u00e1n otro vuelo a Ibagu\u00e9. La vuelta\u00a0 s\u00ed ser\u00e1 en un vuelo charter, el cual [&hellip;]<\/p>\n","protected":false},"author":1,"featured_media":0,"comment_status":"open","ping_status":"open","sticky":false,"template":"","format":"standard","meta":{"_links_to":"","_links_to_target":""},"categories":[7,3,1],"tags":[153,3020,347],"_links":{"self":[{"href":"https:\/\/www.locoxelrojo.com\/independiente\/wp-json\/wp\/v2\/posts\/2402"}],"collection":[{"href":"https:\/\/www.locoxelrojo.com\/independiente\/wp-json\/wp\/v2\/posts"}],"about":[{"href":"https:\/\/www.locoxelrojo.com\/independiente\/wp-json\/wp\/v2\/types\/post"}],"author":[{"embeddable":true,"href":"https:\/\/www.locoxelrojo.com\/independiente\/wp-json\/wp\/v2\/users\/1"}],"replies":[{"embeddable":true,"href":"https:\/\/www.locoxelrojo.com\/independiente\/wp-json\/wp\/v2\/comments?post=2402"}],"version-history":[{"count":0,"href":"https:\/\/www.locoxelrojo.com\/independiente\/wp-json\/wp\/v2\/posts\/2402\/revisions"}],"wp:attachment":[{"href":"https:\/\/www.locoxelrojo.com\/independiente\/wp-json\/wp\/v2\/media?parent=2402"}],"wp:term":[{"taxonomy":"category","embeddable":true,"href":"https:\/\/www.locoxelrojo.com\/independiente\/wp-json\/wp\/v2\/categories?post=2402"},{"taxonomy":"post_tag","embeddable":true,"href":"https:\/\/www.locoxelrojo.com\/independiente\/wp-json\/wp\/v2\/tags?post=2402"}],"curies":[{"name":"wp","href":"https:\/\/api.w.org\/{rel}","templated":true}]}}