{"id":24096,"date":"2012-11-12T16:39:17","date_gmt":"2012-11-12T19:39:17","guid":{"rendered":"http:\/\/www.locoxelrojo.com.ar\/independiente\/?p=24096"},"modified":"2015-09-29T00:14:24","modified_gmt":"2015-09-29T03:14:24","slug":"concentrados-vs-belgrano","status":"publish","type":"post","link":"https:\/\/www.locoxelrojo.com\/independiente\/2012\/11\/12\/concentrados-vs-belgrano\/","title":{"rendered":"Concentrados vs. Belgrano"},"content":{"rendered":"<p><a href=\"http:\/\/www.locoxelrojo.com.ar\/independiente\/wp-content\/uploads\/2012\/11\/tula_no.jpg\"><img loading=\"lazy\" class=\"alignnone size-full wp-image-24104\" title=\"tula_no\" src=\"http:\/\/www.locoxelrojo.com.ar\/independiente\/wp-content\/uploads\/2012\/11\/tula_no.jpg\" alt=\"\" width=\"590\" height=\"315\" srcset=\"https:\/\/locoxelrojo.com\/independiente\/wp-content\/uploads\/2012\/11\/tula_no.jpg 590w, https:\/\/locoxelrojo.com\/independiente\/wp-content\/uploads\/2012\/11\/tula_no-300x160.jpg 300w\" sizes=\"(max-width: 590px) 100vw, 590px\" \/><\/a><\/p>\n<p>Esta ma\u00f1ana, tras el entrenamiento de Independiente en Villa Dom\u00ednico, se dio a conocer la lista de concentrados para el partido del pr\u00f3ximo mi\u00e9rcoles ante Belgrano en Avellaneda.<\/p>\n<p><strong>Lo llamativo pasa por la no inclusi\u00f3n de Cristian Tula, defensor que form\u00f3 parte del banco de suplentes en el encuentro ante San Mart\u00edn de San Juan.<\/strong><\/p>\n<p><strong>La lista:<\/strong><\/p>\n<p><strong>Arqueros:<\/strong> Hilario\u00a0Navarro y Diego Rodr\u00edguez.<\/p>\n<p><strong>Defensores:<\/strong> Gabriel Vall\u00e9s, Eduardo Tuzzio, Leonel Galeano, Juli\u00e1n Vel\u00e1zquez.<\/p>\n<p><strong>Volantes:<\/strong> Hern\u00e1n Fredes, Paulo Rosales, Federico Mancuello, Fabi\u00e1n Vargas, V\u00edctor Zapata, Osmar Ferreyra, Roberto Batti\u00f3n, Lucas Villaf\u00e1\u00f1ez y Jonathan Santana.<\/p>\n<p><strong>Delanteros:<\/strong> Ernesto Far\u00edas, Patricio Vidal y Mart\u00edn Ben\u00edtez.<\/p>\n","protected":false},"excerpt":{"rendered":"<p>Esta ma\u00f1ana, tras el entrenamiento de Independiente en Villa Dom\u00ednico, se dio a conocer la lista de concentrados para el partido del pr\u00f3ximo mi\u00e9rcoles ante Belgrano en Avellaneda. Lo llamativo pasa por la no inclusi\u00f3n de Cristian Tula, defensor que form\u00f3 parte del banco de suplentes en el encuentro ante San Mart\u00edn de San Juan. [&hellip;]<\/p>\n","protected":false},"author":11,"featured_media":0,"comment_status":"open","ping_status":"open","sticky":false,"template":"","format":"standard","meta":{"_links_to":"","_links_to_target":""},"categories":[3,1],"tags":[153,3054,3056],"_links":{"self":[{"href":"https:\/\/www.locoxelrojo.com\/independiente\/wp-json\/wp\/v2\/posts\/24096"}],"collection":[{"href":"https:\/\/www.locoxelrojo.com\/independiente\/wp-json\/wp\/v2\/posts"}],"about":[{"href":"https:\/\/www.locoxelrojo.com\/independiente\/wp-json\/wp\/v2\/types\/post"}],"author":[{"embeddable":true,"href":"https:\/\/www.locoxelrojo.com\/independiente\/wp-json\/wp\/v2\/users\/11"}],"replies":[{"embeddable":true,"href":"https:\/\/www.locoxelrojo.com\/independiente\/wp-json\/wp\/v2\/comments?post=24096"}],"version-history":[{"count":0,"href":"https:\/\/www.locoxelrojo.com\/independiente\/wp-json\/wp\/v2\/posts\/24096\/revisions"}],"wp:attachment":[{"href":"https:\/\/www.locoxelrojo.com\/independiente\/wp-json\/wp\/v2\/media?parent=24096"}],"wp:term":[{"taxonomy":"category","embeddable":true,"href":"https:\/\/www.locoxelrojo.com\/independiente\/wp-json\/wp\/v2\/categories?post=24096"},{"taxonomy":"post_tag","embeddable":true,"href":"https:\/\/www.locoxelrojo.com\/independiente\/wp-json\/wp\/v2\/tags?post=24096"}],"curies":[{"name":"wp","href":"https:\/\/api.w.org\/{rel}","templated":true}]}}