{"id":242,"date":"2010-08-19T18:52:16","date_gmt":"2010-08-19T21:52:16","guid":{"rendered":"http:\/\/www.locoxelrojo.com.ar\/independiente\/?p=242"},"modified":"2015-09-08T22:01:33","modified_gmt":"2015-09-09T01:01:33","slug":"y-un-dia-hablo-el-tolo","status":"publish","type":"post","link":"https:\/\/www.locoxelrojo.com\/independiente\/2010\/08\/19\/y-un-dia-hablo-el-tolo\/","title":{"rendered":"Y un d\u00eda habl\u00f3 el Tolo"},"content":{"rendered":"<p><a href=\"http:\/\/www.locoxelrojo.com.ar\/independiente\/wp-content\/uploads\/2010\/08\/tolo.jpg\"><img loading=\"lazy\" class=\"alignnone size-full wp-image-243\" title=\"tolo\" src=\"http:\/\/www.locoxelrojo.com.ar\/independiente\/wp-content\/uploads\/2010\/08\/tolo.jpg\" alt=\"\" width=\"550\" height=\"315\" srcset=\"https:\/\/locoxelrojo.com\/independiente\/wp-content\/uploads\/2010\/08\/tolo.jpg 550w, https:\/\/locoxelrojo.com\/independiente\/wp-content\/uploads\/2010\/08\/tolo-300x171.jpg 300w\" sizes=\"(max-width: 550px) 100vw, 550px\" \/><\/a><\/p>\n<p>Luego de tres meses de silencio, habl\u00f3 el Tolo Gallego. Am\u00e9rico Rub\u00e9n se fue de Independiente sin decir nada, pero el silencio termin\u00f3. Se despach\u00f3 con munici\u00f3n gruesa y le peg\u00f3 a todos. Paso por Comparada, Menotti, Garnero y hasta se postulo para la Selecci\u00f3n.<\/p>\n<p><strong>\u201cMe tiraron todas rosas, que fue un campa\u00f1\u00f3n, que puse algunos chicos&#8230; Yo ayer me re\u00eda solo, viendo el partido (ante Argentinos). Dec\u00edan \u2018uy, qu\u00e9 bien Godoy, qu\u00e9 bien anda Nico Mart\u00ednez\u2019. Y a esos los traje yo, los hice debutar. Mart\u00ednez tuvo muchas lesiones. Ahora trajeron seis refuerzos, a m\u00ed a Silvera y Graci\u00e1n&#8230; Yo no tom\u00e9 la decisi\u00f3n. Me llamaron para renovar y me tom\u00f3 de sorpresa\u201d<\/strong>, dijo en Fox Sports Radio del Plata.<\/p>\n<p><strong>\u201cLos dos me hab\u00edan dado la palabra de seguir. Despu\u00e9s lo comprend\u00ed. Me dijo Julio que deb\u00eda elegir entre Menotti y yo, que ya hab\u00eda tenido muchos problemas en Independiente y llev\u00f3 a Menotti para que sea el manager. Tuvo que elegir porque le dej\u00f3 todo el f\u00fatbol a Menotti. Me cay\u00f3 mal, pero son circunstancias\u201d<\/strong>, declar\u00f3 el Tolo al ser consultado sobre si la decisi\u00f3n de que no siguiera en el club ven\u00eda por parte del Manager o del Presidente.<\/p>\n<p>Con la mira apuntando a Menotti, continu\u00f3 disparando: <strong>\u201cYo tengo memoria. Hablaba bien con \u00e9l. Se hab\u00edan fortalecido las Inferiores. Quiz\u00e1 no le gust\u00f3 que no le puse nunca a un jugador del Selectivo. Pero veo que ahora tampoco hay&#8230;\u201d<\/strong>. Y agreg\u00f3 que no tuvo comunicaci\u00f3n con el Flaco: <strong>\u201cSi no me llam\u00f3 \u00e9l cuando me dijeron que no me iban a renovar, y le correpond\u00eda a \u00e9l, por ser del \u00e1rea f\u00fatbol. Pero ya me pas\u00f3 en River: lleg\u00f3 Menotti, ten\u00eda dos a\u00f1os de contrato, me hizo abandonar el f\u00fatbol y lo llev\u00f3 a Batista. Ahora C\u00e9sar se debe estar riendo, dir\u00e1 \u201cya estaba retirado&#8230;\u201d<\/strong>. Para terminar con Menotti tir\u00f3 la \u00faltima granada. <strong>\u201cLa salida m\u00eda dependi\u00f3 de Menotti\u201d<\/strong>. Y se ri\u00f3 con fina iron\u00eda cuando le preguntaron si hubo celos. <strong>\u201c\u00bfC\u00e9sar? Con todos los t\u00edtulos que tiene. No creo\u201d<\/strong>.<\/p>\n<p>Pero tambi\u00e9n le toco el turno al Presidente. <strong>\u201cMe molest\u00f3 porque si uno da la palabra, ya est\u00e1. Es como una firma de contrato. \u00bfQu\u00e9 pasaba conmigo si yo firmaba cuando me dijeron \u2018vas a seguir vos hasta que termine mi mandato\u2019. Julio me hab\u00eda dado la palabra\u201d<\/strong>. Y agreg\u00f3: <strong>\u201cNo me gusta que un dirigente que no sabe de f\u00fatbol hable con uno que fue t\u00e9cnico y despu\u00e9s venga a repetirme lo que le dijo\u201d.<\/strong><\/p>\n<p>Con el nuevo DT fue m\u00e1s respetuoso: <strong>\u201cEl presupuesto hizo mucho en esta patriada de Independiente. Quiz\u00e1s es m\u00e1s chico que el nuestro y por eso lo eligieron. Tambi\u00e9n porque lo hab\u00eda dirigido Menotti y quer\u00edan a alguien de la casa. Pero a m\u00ed no me fue mal en Independiente. Sal\u00ed ovacionado en el \u00faltimo partido y las puertas siempre van a estar abiertas para m\u00ed\u201d.<\/strong><\/p>\n<p>Para finalizar el bombardeo el Tolo se despidi\u00f3 a lo Tolo: <strong>\u201cEn menos de un a\u00f1o y medio voy a volver porque a Independiente lo adoro\u201d.<\/strong><\/p>\n","protected":false},"excerpt":{"rendered":"<p>Luego de tres meses de silencio, habl\u00f3 el Tolo Gallego. Am\u00e9rico Rub\u00e9n se fue de Independiente sin decir nada, pero el silencio termin\u00f3. Se despach\u00f3 con munici\u00f3n gruesa y le peg\u00f3 a todos. Paso por Comparada, Menotti, Garnero y hasta se postulo para la Selecci\u00f3n. \u201cMe tiraron todas rosas, que fue un campa\u00f1\u00f3n, que puse [&hellip;]<\/p>\n","protected":false},"author":1,"featured_media":0,"comment_status":"open","ping_status":"open","sticky":false,"template":"","format":"standard","meta":{"_links_to":"","_links_to_target":""},"categories":[3,1],"tags":[1837,24,153,33],"_links":{"self":[{"href":"https:\/\/www.locoxelrojo.com\/independiente\/wp-json\/wp\/v2\/posts\/242"}],"collection":[{"href":"https:\/\/www.locoxelrojo.com\/independiente\/wp-json\/wp\/v2\/posts"}],"about":[{"href":"https:\/\/www.locoxelrojo.com\/independiente\/wp-json\/wp\/v2\/types\/post"}],"author":[{"embeddable":true,"href":"https:\/\/www.locoxelrojo.com\/independiente\/wp-json\/wp\/v2\/users\/1"}],"replies":[{"embeddable":true,"href":"https:\/\/www.locoxelrojo.com\/independiente\/wp-json\/wp\/v2\/comments?post=242"}],"version-history":[{"count":0,"href":"https:\/\/www.locoxelrojo.com\/independiente\/wp-json\/wp\/v2\/posts\/242\/revisions"}],"wp:attachment":[{"href":"https:\/\/www.locoxelrojo.com\/independiente\/wp-json\/wp\/v2\/media?parent=242"}],"wp:term":[{"taxonomy":"category","embeddable":true,"href":"https:\/\/www.locoxelrojo.com\/independiente\/wp-json\/wp\/v2\/categories?post=242"},{"taxonomy":"post_tag","embeddable":true,"href":"https:\/\/www.locoxelrojo.com\/independiente\/wp-json\/wp\/v2\/tags?post=242"}],"curies":[{"name":"wp","href":"https:\/\/api.w.org\/{rel}","templated":true}]}}