{"id":24213,"date":"2012-11-14T21:42:26","date_gmt":"2012-11-15T00:42:26","guid":{"rendered":"http:\/\/www.locoxelrojo.com.ar\/independiente\/?p=24213"},"modified":"2012-11-15T00:02:45","modified_gmt":"2012-11-15T03:02:45","slug":"maldita-policia-2","status":"publish","type":"post","link":"https:\/\/www.locoxelrojo.com\/independiente\/2012\/11\/14\/maldita-policia-2\/","title":{"rendered":"Maldita Polic\u00eda"},"content":{"rendered":"<p><a href=\"http:\/\/www.locoxelrojo.com.ar\/independiente\/wp-content\/uploads\/2012\/11\/malditapolicia.jpg\"><img loading=\"lazy\" class=\"alignnone size-full wp-image-24232\" title=\"malditapolicia\" src=\"http:\/\/www.locoxelrojo.com.ar\/independiente\/wp-content\/uploads\/2012\/11\/malditapolicia.jpg\" alt=\"\" width=\"590\" height=\"315\" srcset=\"https:\/\/locoxelrojo.com\/independiente\/wp-content\/uploads\/2012\/11\/malditapolicia.jpg 590w, https:\/\/locoxelrojo.com\/independiente\/wp-content\/uploads\/2012\/11\/malditapolicia-300x160.jpg 300w\" sizes=\"(max-width: 590px) 100vw, 590px\" \/><\/a><\/p>\n<p><strong>Cuando se suspendi\u00f3 el partido, comenzaron algunas corridas en la Tribuna Norte Baja.<\/strong> El resultado fueron hinchas heridos, instalaciones da\u00f1adas y un nuevo esc\u00e1ndalo para este glorioso club.<\/p>\n<p><strong>Los hinchas, enojados por la pasividad de la Polic\u00eda, se dirigieron a protestar al Hall Central del Libertadores de Am\u00e9rica<\/strong>, que habitualmente se lo ve con mucho control de seguridad privada del club y Utedyc que hoy brillaban por su ausencia.<\/p>\n<p><strong>Los cantos iban dirigidos hacia la Jefa de Seguridad del Club Florencia Arietto. Tambi\u00e9n en contra los violentos, de los efectivos policiales y a favor de Javier Cantero.<\/strong> Los \u00e1nimos se caldearon cuando varios de estos polic\u00edas, que su funci\u00f3n primordial debe ser cuidar y proteger a los hinchas, se re\u00edan de lo que estaba sucediendo.<\/p>\n<p><strong>Lamentablemente, tambi\u00e9n en ese sector, hubo una agresi\u00f3n contra el Periodista Alejandro Parmo de la cadena Fox Sports y Radio Del Plata, que se encontraba realizando la cobertura del partido. La misma fue por parte de un hincha<\/strong>, que si los efectivos policiales o el control privado del club hubiera actuado como corresponde, esto no hubiera pasado.<\/p>\n<p><strong>Desde LocoXelRojo, nos solidarizamos con todos los hinchas que fueron agredidos o pasaron un mal momento dentro y fuera de las tribunas. Adem\u00e1s, le mandamos un fuerte abrazo al colega Alejandro Parmo, por la agresi\u00f3n corbarde que sufri\u00f3. <\/strong><\/p>\n","protected":false},"excerpt":{"rendered":"<p>Cuando se suspendi\u00f3 el partido, comenzaron algunas corridas en la Tribuna Norte Baja. El resultado fueron hinchas heridos, instalaciones da\u00f1adas y un nuevo esc\u00e1ndalo para este glorioso club. Los hinchas, enojados por la pasividad de la Polic\u00eda, se dirigieron a protestar al Hall Central del Libertadores de Am\u00e9rica, que habitualmente se lo ve con mucho [&hellip;]<\/p>\n","protected":false},"author":1,"featured_media":0,"comment_status":"open","ping_status":"open","sticky":false,"template":"","format":"standard","meta":{"_links_to":"","_links_to_target":""},"categories":[3,1],"tags":[153,1735,173,723,689],"_links":{"self":[{"href":"https:\/\/www.locoxelrojo.com\/independiente\/wp-json\/wp\/v2\/posts\/24213"}],"collection":[{"href":"https:\/\/www.locoxelrojo.com\/independiente\/wp-json\/wp\/v2\/posts"}],"about":[{"href":"https:\/\/www.locoxelrojo.com\/independiente\/wp-json\/wp\/v2\/types\/post"}],"author":[{"embeddable":true,"href":"https:\/\/www.locoxelrojo.com\/independiente\/wp-json\/wp\/v2\/users\/1"}],"replies":[{"embeddable":true,"href":"https:\/\/www.locoxelrojo.com\/independiente\/wp-json\/wp\/v2\/comments?post=24213"}],"version-history":[{"count":0,"href":"https:\/\/www.locoxelrojo.com\/independiente\/wp-json\/wp\/v2\/posts\/24213\/revisions"}],"wp:attachment":[{"href":"https:\/\/www.locoxelrojo.com\/independiente\/wp-json\/wp\/v2\/media?parent=24213"}],"wp:term":[{"taxonomy":"category","embeddable":true,"href":"https:\/\/www.locoxelrojo.com\/independiente\/wp-json\/wp\/v2\/categories?post=24213"},{"taxonomy":"post_tag","embeddable":true,"href":"https:\/\/www.locoxelrojo.com\/independiente\/wp-json\/wp\/v2\/tags?post=24213"}],"curies":[{"name":"wp","href":"https:\/\/api.w.org\/{rel}","templated":true}]}}