{"id":24314,"date":"2012-11-16T16:16:06","date_gmt":"2012-11-16T19:16:06","guid":{"rendered":"http:\/\/www.locoxelrojo.com.ar\/independiente\/?p=24314"},"modified":"2015-09-29T00:29:43","modified_gmt":"2015-09-29T03:29:43","slug":"concentrados-vs-estudiantes","status":"publish","type":"post","link":"https:\/\/www.locoxelrojo.com\/independiente\/2012\/11\/16\/concentrados-vs-estudiantes\/","title":{"rendered":"Concentrados vs. Estudiantes"},"content":{"rendered":"<p><a href=\"http:\/\/www.locoxelrojo.com.ar\/independiente\/wp-content\/uploads\/2012\/11\/Tula1.jpg\"><img loading=\"lazy\" class=\"alignnone size-full wp-image-24316\" title=\"Tula\" src=\"http:\/\/www.locoxelrojo.com.ar\/independiente\/wp-content\/uploads\/2012\/11\/Tula1.jpg\" alt=\"\" width=\"590\" height=\"315\" srcset=\"https:\/\/locoxelrojo.com\/independiente\/wp-content\/uploads\/2012\/11\/Tula1.jpg 590w, https:\/\/locoxelrojo.com\/independiente\/wp-content\/uploads\/2012\/11\/Tula1-300x160.jpg 300w\" sizes=\"(max-width: 590px) 100vw, 590px\" \/><\/a><\/p>\n<p>Esperando por el choque frente a Estudiantes, Am\u00e9rico Gallego dio a conocer quienes van a ser los concentrados.<\/p>\n<p><strong>La lista se conforma por los mismos 18 jugadores que reuni\u00f3 para el partido vs. Belgrano. Cristian Tula qued\u00f3 otra vez afuera de la lista.<\/strong> Si el Tolo decide repetir la misma formaci\u00f3n que sali\u00f3 a enfrentar al Pirata, se cortar\u00e1 un lapso de 131 encuentros sin utilizar a los mismos once.<\/p>\n<p><strong>La lista completa:<\/strong><\/p>\n<p><strong>Arqueros:<\/strong> Hilario Navarro, Diego Rodr\u00edguez.<\/p>\n<p><strong>Defensores:<\/strong> Gabriel Vall\u00e9s, Eduardo Tuzzio, Leonel Galeano, Juli\u00e1n Vel\u00e1zquez.<\/p>\n<p><strong>Volantes:<\/strong> Hern\u00e1n Fredes, Paulo Rosales, Federico Mancuello, Fabi\u00e1n Vargas, V\u00edctor Zapata, Osmar Ferreyra, Roberto Batti\u00f3n, Lucas Villaf\u00e1\u00f1ez, Jonathan Santana.<\/p>\n<p><strong>Delanteros:<\/strong> Ernesto Far\u00edas, Mart\u00edn Ben\u00edtez, Patricio Vidal.<\/p>\n","protected":false},"excerpt":{"rendered":"<p>Esperando por el choque frente a Estudiantes, Am\u00e9rico Gallego dio a conocer quienes van a ser los concentrados. La lista se conforma por los mismos 18 jugadores que reuni\u00f3 para el partido vs. Belgrano. Cristian Tula qued\u00f3 otra vez afuera de la lista. Si el Tolo decide repetir la misma formaci\u00f3n que sali\u00f3 a enfrentar [&hellip;]<\/p>\n","protected":false},"author":16,"featured_media":0,"comment_status":"open","ping_status":"open","sticky":false,"template":"","format":"standard","meta":{"_links_to":"","_links_to_target":""},"categories":[3,1],"tags":[153,2761,3056],"_links":{"self":[{"href":"https:\/\/www.locoxelrojo.com\/independiente\/wp-json\/wp\/v2\/posts\/24314"}],"collection":[{"href":"https:\/\/www.locoxelrojo.com\/independiente\/wp-json\/wp\/v2\/posts"}],"about":[{"href":"https:\/\/www.locoxelrojo.com\/independiente\/wp-json\/wp\/v2\/types\/post"}],"author":[{"embeddable":true,"href":"https:\/\/www.locoxelrojo.com\/independiente\/wp-json\/wp\/v2\/users\/16"}],"replies":[{"embeddable":true,"href":"https:\/\/www.locoxelrojo.com\/independiente\/wp-json\/wp\/v2\/comments?post=24314"}],"version-history":[{"count":0,"href":"https:\/\/www.locoxelrojo.com\/independiente\/wp-json\/wp\/v2\/posts\/24314\/revisions"}],"wp:attachment":[{"href":"https:\/\/www.locoxelrojo.com\/independiente\/wp-json\/wp\/v2\/media?parent=24314"}],"wp:term":[{"taxonomy":"category","embeddable":true,"href":"https:\/\/www.locoxelrojo.com\/independiente\/wp-json\/wp\/v2\/categories?post=24314"},{"taxonomy":"post_tag","embeddable":true,"href":"https:\/\/www.locoxelrojo.com\/independiente\/wp-json\/wp\/v2\/tags?post=24314"}],"curies":[{"name":"wp","href":"https:\/\/api.w.org\/{rel}","templated":true}]}}