{"id":24320,"date":"2012-11-16T16:10:09","date_gmt":"2012-11-16T19:10:09","guid":{"rendered":"http:\/\/www.locoxelrojo.com.ar\/independiente\/?p=24320"},"modified":"2012-11-16T17:36:09","modified_gmt":"2012-11-16T20:36:09","slug":"siguen-las-reuniones","status":"publish","type":"post","link":"https:\/\/www.locoxelrojo.com\/independiente\/2012\/11\/16\/siguen-las-reuniones\/","title":{"rendered":"Siguen las reuniones"},"content":{"rendered":"<p><a href=\"http:\/\/www.locoxelrojo.com.ar\/independiente\/wp-content\/uploads\/2012\/11\/cantero-medina.jpg\"><img loading=\"lazy\" class=\"alignnone size-full wp-image-24321\" title=\"cantero-medina\" src=\"http:\/\/www.locoxelrojo.com.ar\/independiente\/wp-content\/uploads\/2012\/11\/cantero-medina.jpg\" alt=\"\" width=\"590\" height=\"315\" srcset=\"https:\/\/locoxelrojo.com\/independiente\/wp-content\/uploads\/2012\/11\/cantero-medina.jpg 590w, https:\/\/locoxelrojo.com\/independiente\/wp-content\/uploads\/2012\/11\/cantero-medina-300x160.jpg 300w\" sizes=\"(max-width: 590px) 100vw, 590px\" \/><\/a><\/p>\n<p><strong>Javier Cantero se reuni\u00f3 con el Jefe de Gabinete Juan Manuel Abal Medina y con el Secretario de Seguridad Sergio Berni<\/strong>, por los hechos de violencia ocurridos el mi\u00e9rcoles por la noche en el Estadio Libertadores de Am\u00e9rica. <strong>Hubo una conferencia de prensa en donde el Presidente de Independiente se mostr\u00f3 satisfecho por las detenciones y cont\u00f3 la preocupaci\u00f3n de Cristina Fen\u00e1ndez\u00a0de Kirchner.<\/strong><\/p>\n<p><strong>\u201cEsta gente se manej\u00f3 organizadamente, est\u00e1n financiados por dirigentes de f\u00fatbol o gente del gobierno nacional o provincial. Independiente avanz\u00f3 mucho desde la primera reuni\u00f3n. Eso no lo podr\u00edamos haber hecho sin el apoyo del Gobierno\u201d<\/strong>, se\u00f1al\u00f3 Cantero. <strong>\u201cEn menos de 24 horas hubo dos detenidos y en los pr\u00f3ximas horas habr\u00e1 m\u00e1s y no son hinchas de Independiente, estaban con otras camisetas&#8221;<\/strong>, agreg\u00f3.<\/p>\n<p>Adem\u00e1s, dijo que Abal Medina puso al Gobierno <strong>\u201ca disposici\u00f3n\u201d<\/strong> para ayudarlo a resolver el problema y cont\u00f3 que la Presidenta Cristina Fern\u00e1ndez <strong>\u201cestaba muy preocupada\u201d<\/strong> por la pelea que \u00e9l sostiene contra los Barras.<\/p>\n<p>Por \u00faltimo, le pidi\u00f3 a los Hinchas que <strong>&#8220;el pr\u00f3ximo partido hay que ir a alentar como siempre, la gente tiene que ir tranquila a la cancha\u201d<\/strong> y adelant\u00f3 los recaudos que se van a tomar para el encuentro con River en el Libertadores: <strong>\u201cHabr\u00e1 seguridad especial y va a estar todo preparado para que salga un buen partido. Seguramente habr\u00e1 que retirar bonos unos d\u00edas antes\u201d<\/strong>.<\/p>\n","protected":false},"excerpt":{"rendered":"<p>Javier Cantero se reuni\u00f3 con el Jefe de Gabinete Juan Manuel Abal Medina y con el Secretario de Seguridad Sergio Berni, por los hechos de violencia ocurridos el mi\u00e9rcoles por la noche en el Estadio Libertadores de Am\u00e9rica. Hubo una conferencia de prensa en donde el Presidente de Independiente se mostr\u00f3 satisfecho por las detenciones [&hellip;]<\/p>\n","protected":false},"author":1,"featured_media":0,"comment_status":"open","ping_status":"open","sticky":false,"template":"","format":"standard","meta":{"_links_to":"","_links_to_target":""},"categories":[3,4,1],"tags":[1412,153,173,723,1830,1831],"_links":{"self":[{"href":"https:\/\/www.locoxelrojo.com\/independiente\/wp-json\/wp\/v2\/posts\/24320"}],"collection":[{"href":"https:\/\/www.locoxelrojo.com\/independiente\/wp-json\/wp\/v2\/posts"}],"about":[{"href":"https:\/\/www.locoxelrojo.com\/independiente\/wp-json\/wp\/v2\/types\/post"}],"author":[{"embeddable":true,"href":"https:\/\/www.locoxelrojo.com\/independiente\/wp-json\/wp\/v2\/users\/1"}],"replies":[{"embeddable":true,"href":"https:\/\/www.locoxelrojo.com\/independiente\/wp-json\/wp\/v2\/comments?post=24320"}],"version-history":[{"count":0,"href":"https:\/\/www.locoxelrojo.com\/independiente\/wp-json\/wp\/v2\/posts\/24320\/revisions"}],"wp:attachment":[{"href":"https:\/\/www.locoxelrojo.com\/independiente\/wp-json\/wp\/v2\/media?parent=24320"}],"wp:term":[{"taxonomy":"category","embeddable":true,"href":"https:\/\/www.locoxelrojo.com\/independiente\/wp-json\/wp\/v2\/categories?post=24320"},{"taxonomy":"post_tag","embeddable":true,"href":"https:\/\/www.locoxelrojo.com\/independiente\/wp-json\/wp\/v2\/tags?post=24320"}],"curies":[{"name":"wp","href":"https:\/\/api.w.org\/{rel}","templated":true}]}}