{"id":24324,"date":"2012-11-16T18:27:06","date_gmt":"2012-11-16T21:27:06","guid":{"rendered":"http:\/\/www.locoxelrojo.com.ar\/independiente\/?p=24324"},"modified":"2012-11-17T01:04:27","modified_gmt":"2012-11-17T04:04:27","slug":"%c2%bfvillafanez-por-vidal","status":"publish","type":"post","link":"https:\/\/www.locoxelrojo.com\/independiente\/2012\/11\/16\/%c2%bfvillafanez-por-vidal\/","title":{"rendered":"\u00bfVillaf\u00e1\u00f1ez por Vidal?"},"content":{"rendered":"<p><a href=\"http:\/\/www.locoxelrojo.com.ar\/independiente\/wp-content\/uploads\/2012\/11\/villa-zapata.jpg\"><img loading=\"lazy\" class=\"alignnone size-full wp-image-24325\" title=\"villa-zapata\" src=\"http:\/\/www.locoxelrojo.com.ar\/independiente\/wp-content\/uploads\/2012\/11\/villa-zapata.jpg\" alt=\"\" width=\"590\" height=\"315\" srcset=\"https:\/\/locoxelrojo.com\/independiente\/wp-content\/uploads\/2012\/11\/villa-zapata.jpg 590w, https:\/\/locoxelrojo.com\/independiente\/wp-content\/uploads\/2012\/11\/villa-zapata-300x160.jpg 300w\" sizes=\"(max-width: 590px) 100vw, 590px\" \/><\/a><\/p>\n<p><strong>Independiente practic\u00f3 esta tarde en el predio de Villa Dom\u00ednico, a puertas cerradas y sin atenci\u00f3n a la prensa. <\/strong>Am\u00e9rico Rub\u00e9n Gallego par\u00f3 los once que jugar\u00e1n ma\u00f1ana frente al Pincha con un s\u00f3lo cambio: Lucas Villaf\u00e1\u00f1ez por Patricio Vidal.<\/p>\n<p><strong>El Tolo aprovech\u00f3 para hacer un poco de f\u00fatbol y tambi\u00e9n pelota parada, ya que el tiempo de trabajo es poco.<\/strong> En relaci\u00f3n a los titulares que participaron de los 45 minutos frente a Belgrano, el DT mete una sola variante t\u00e1ctica: <strong>Lucas Villaf\u00e1\u00f1ez, ser\u00e1 el acompa\u00f1ante de Ernesto Far\u00edas en la delantera, en lugar de Patricio Vidal, quien qued\u00f3 relegado al banco de suplentes.<\/strong><\/p>\n<p>Los posibles once que saldr\u00e1n en cancha ma\u00f1ana frente a Estudiantes, a partir de las 19:15 hs en el Estadio \u00danico son: <strong>Hilario Navarro; Gabriel Vall\u00e9s, Juli\u00e1n Vel\u00e1zquez, Leonel Galeano, Federico Mancuello; Fabi\u00e1n Vargas, Roberto Batti\u00f3n, V\u00edctor Zapata, Osmar Ferreyra; Lucas Villaf\u00e1\u00f1ez y Ernesto Far\u00edas.<\/strong><\/p>\n<p>Al t\u00e9rmino del entrenamiento, el plantel se dirigi\u00f3 al Hotel Panamericano y quedaron concentrados los <a href=\"http:\/\/www.locoxelrojo.com.ar\/independiente\/2012\/11\/16\/concentrados-vs-estudiantes\/\">18 jugadores<\/a> que cit\u00f3 el Tolo Gallego.<\/p>\n","protected":false},"excerpt":{"rendered":"<p>Independiente practic\u00f3 esta tarde en el predio de Villa Dom\u00ednico, a puertas cerradas y sin atenci\u00f3n a la prensa. Am\u00e9rico Rub\u00e9n Gallego par\u00f3 los once que jugar\u00e1n ma\u00f1ana frente al Pincha con un s\u00f3lo cambio: Lucas Villaf\u00e1\u00f1ez por Patricio Vidal. El Tolo aprovech\u00f3 para hacer un poco de f\u00fatbol y tambi\u00e9n pelota parada, ya que [&hellip;]<\/p>\n","protected":false},"author":1,"featured_media":0,"comment_status":"open","ping_status":"open","sticky":false,"template":"","format":"standard","meta":{"_links_to":"","_links_to_target":""},"categories":[3,1],"tags":[153,277,173,61,98],"_links":{"self":[{"href":"https:\/\/www.locoxelrojo.com\/independiente\/wp-json\/wp\/v2\/posts\/24324"}],"collection":[{"href":"https:\/\/www.locoxelrojo.com\/independiente\/wp-json\/wp\/v2\/posts"}],"about":[{"href":"https:\/\/www.locoxelrojo.com\/independiente\/wp-json\/wp\/v2\/types\/post"}],"author":[{"embeddable":true,"href":"https:\/\/www.locoxelrojo.com\/independiente\/wp-json\/wp\/v2\/users\/1"}],"replies":[{"embeddable":true,"href":"https:\/\/www.locoxelrojo.com\/independiente\/wp-json\/wp\/v2\/comments?post=24324"}],"version-history":[{"count":0,"href":"https:\/\/www.locoxelrojo.com\/independiente\/wp-json\/wp\/v2\/posts\/24324\/revisions"}],"wp:attachment":[{"href":"https:\/\/www.locoxelrojo.com\/independiente\/wp-json\/wp\/v2\/media?parent=24324"}],"wp:term":[{"taxonomy":"category","embeddable":true,"href":"https:\/\/www.locoxelrojo.com\/independiente\/wp-json\/wp\/v2\/categories?post=24324"},{"taxonomy":"post_tag","embeddable":true,"href":"https:\/\/www.locoxelrojo.com\/independiente\/wp-json\/wp\/v2\/tags?post=24324"}],"curies":[{"name":"wp","href":"https:\/\/api.w.org\/{rel}","templated":true}]}}