{"id":24532,"date":"2012-11-20T15:39:40","date_gmt":"2012-11-20T18:39:40","guid":{"rendered":"http:\/\/www.locoxelrojo.com.ar\/independiente\/?p=24532"},"modified":"2015-09-29T21:05:47","modified_gmt":"2015-09-30T00:05:47","slug":"farias-independiente-se-va-a-quedar-en-primera","status":"publish","type":"post","link":"https:\/\/www.locoxelrojo.com\/independiente\/2012\/11\/20\/farias-independiente-se-va-a-quedar-en-primera\/","title":{"rendered":"Far\u00edas: &#8220;Independiente se va a quedar en Primera&#8221;"},"content":{"rendered":"<p><a href=\"http:\/\/www.locoxelrojo.com.ar\/independiente\/wp-content\/uploads\/2012\/11\/Far\u00edas-17.jpg\"><img loading=\"lazy\" class=\"alignnone size-full wp-image-24533\" title=\"Far\u00edas 17\" src=\"http:\/\/www.locoxelrojo.com.ar\/independiente\/wp-content\/uploads\/2012\/11\/Far\u00edas-17.jpg\" alt=\"\" width=\"590\" height=\"315\" srcset=\"https:\/\/locoxelrojo.com\/independiente\/wp-content\/uploads\/2012\/11\/Far\u00edas-17.jpg 590w, https:\/\/locoxelrojo.com\/independiente\/wp-content\/uploads\/2012\/11\/Far\u00edas-17-300x160.jpg 300w\" sizes=\"(max-width: 590px) 100vw, 590px\" \/><\/a><\/p>\n<p>Ernesto Far\u00edas dialog\u00f3 con la prensa tras el entrenamiento matutino y asegur\u00f3 <strong>que conf\u00eda en que &#8220;Independiente se va a quedar en primera&#8221;. Adem\u00e1s, hizo autocr\u00edtica en cuanto a su rendimiento personal y expres\u00f3 que se encari\u00f1\u00f3 con el club en muy poco tiempo.<\/strong><\/p>\n<p><strong>&#8220;Conf\u00edo a muerte en mis compa\u00f1eros. Los que vendr\u00e1n los sabr\u00e1 elegir el Tolo y ayudar\u00e1n. Pero hoy hay que apoyar a este grupo.\u00a0Nosotros tenemos que trabajar, porque Independiente est\u00e1 arriba de todos, de los jugadores, del t\u00e9cnico y de los dirigentes. Hasta junio vamos a estar as\u00ed, con momentos buenos, con otros no tan buenos, pero va a ser duro.\u00a0Tengo una confianza enorme de que en junio del a\u00f1o que viene Independiente se va a quedar en primera&#8221;, <\/strong>manifest\u00f3 el goleador del equipo de Gallego.<\/p>\n<p>Por otro lado, hizo referencia a su bajo e irregular rendimiento desde que lleg\u00f3 al Rojo: <strong>&#8220;Tengo que ser autocr\u00edtico en lo individual.\u00a0En lo personal desde que estoy en Independiente no he sido regular y s\u00e9 lo que puedo llegar a dar. Yo tengo que recuperarme, s\u00e9 el nivel que he tenido en mi carrera. Por eso me hago cargo de lo que me toca como referente del plantel&#8221;<\/strong>.<\/p>\n<p>Luego, al ser consultado por la lucha de la dirigencia y el hincha genuino contra la barra brava, opin\u00f3 sin rodeos: &#8220;<strong>La dirigencia est\u00e1 conviviendo con muchas cosas que escapan al f\u00fatbol y es admirable, entonces nosotros tenemos que ayudarlos con los resultados para que el club se vaya ordenando. Ac\u00e1, a pesar de no estar siempre en un buen momento, la gente me ha tratado muy bien y la dirigencia tambi\u00e9n.<strong> Todas esas cosas hacen que, a pesar de que no soy hincha, en este poco tiempo me haya encari\u00f1ado con el club. Quiero ayudar hasta el \u00faltimo d\u00eda que est\u00e9 ac\u00e1&#8221;.<\/strong><\/strong><\/p>\n<p>Finalmente prefiri\u00f3 no hablar de su posible continuidad en diciembre y sostuvo que<strong> &#8220;no es momento de poner la cabeza en eso&#8221;. &#8220;De mi continuidad todav\u00eda no quiero hablar, hay que pensar en el pr\u00f3ximo partido contra River&#8221;<\/strong>, concluy\u00f3.<\/p>\n","protected":false},"excerpt":{"rendered":"<p>Ernesto Far\u00edas dialog\u00f3 con la prensa tras el entrenamiento matutino y asegur\u00f3 que conf\u00eda en que &#8220;Independiente se va a quedar en primera&#8221;. Adem\u00e1s, hizo autocr\u00edtica en cuanto a su rendimiento personal y expres\u00f3 que se encari\u00f1\u00f3 con el club en muy poco tiempo. &#8220;Conf\u00edo a muerte en mis compa\u00f1eros. Los que vendr\u00e1n los sabr\u00e1 [&hellip;]<\/p>\n","protected":false},"author":11,"featured_media":0,"comment_status":"open","ping_status":"open","sticky":false,"template":"","format":"standard","meta":{"_links_to":"","_links_to_target":""},"categories":[3,1],"tags":[153,946,173],"_links":{"self":[{"href":"https:\/\/www.locoxelrojo.com\/independiente\/wp-json\/wp\/v2\/posts\/24532"}],"collection":[{"href":"https:\/\/www.locoxelrojo.com\/independiente\/wp-json\/wp\/v2\/posts"}],"about":[{"href":"https:\/\/www.locoxelrojo.com\/independiente\/wp-json\/wp\/v2\/types\/post"}],"author":[{"embeddable":true,"href":"https:\/\/www.locoxelrojo.com\/independiente\/wp-json\/wp\/v2\/users\/11"}],"replies":[{"embeddable":true,"href":"https:\/\/www.locoxelrojo.com\/independiente\/wp-json\/wp\/v2\/comments?post=24532"}],"version-history":[{"count":0,"href":"https:\/\/www.locoxelrojo.com\/independiente\/wp-json\/wp\/v2\/posts\/24532\/revisions"}],"wp:attachment":[{"href":"https:\/\/www.locoxelrojo.com\/independiente\/wp-json\/wp\/v2\/media?parent=24532"}],"wp:term":[{"taxonomy":"category","embeddable":true,"href":"https:\/\/www.locoxelrojo.com\/independiente\/wp-json\/wp\/v2\/categories?post=24532"},{"taxonomy":"post_tag","embeddable":true,"href":"https:\/\/www.locoxelrojo.com\/independiente\/wp-json\/wp\/v2\/tags?post=24532"}],"curies":[{"name":"wp","href":"https:\/\/api.w.org\/{rel}","templated":true}]}}