{"id":24648,"date":"2012-11-22T23:48:18","date_gmt":"2012-11-23T02:48:18","guid":{"rendered":"http:\/\/www.locoxelrojo.com.ar\/independiente\/?p=24648"},"modified":"2015-09-29T21:10:28","modified_gmt":"2015-09-30T00:10:28","slug":"pusineri-alguna-labor-que-me-puedan-dar","status":"publish","type":"post","link":"https:\/\/www.locoxelrojo.com\/independiente\/2012\/11\/22\/pusineri-alguna-labor-que-me-puedan-dar\/","title":{"rendered":"Pusineri: \u201cAlguna labor que me puedan dar\u201d"},"content":{"rendered":"<p><a href=\"http:\/\/www.locoxelrojo.com.ar\/independiente\/wp-content\/uploads\/2012\/11\/Lucas_Pusineri.jpg\"><img loading=\"lazy\" class=\"alignnone size-full wp-image-24649\" title=\"Lucas_Pusineri\" src=\"http:\/\/www.locoxelrojo.com.ar\/independiente\/wp-content\/uploads\/2012\/11\/Lucas_Pusineri.jpg\" alt=\"\" width=\"590\" height=\"315\" srcset=\"https:\/\/locoxelrojo.com\/independiente\/wp-content\/uploads\/2012\/11\/Lucas_Pusineri.jpg 590w, https:\/\/locoxelrojo.com\/independiente\/wp-content\/uploads\/2012\/11\/Lucas_Pusineri-300x160.jpg 300w\" sizes=\"(max-width: 590px) 100vw, 590px\" \/><\/a><\/p>\n<p><strong>Lucas Pusineri<\/strong> volvi\u00f3 a ofrecerse para ocupar un cargo en el club aprovechando que en dos d\u00edas ser\u00e1 el d\u00e9cimo aniversario de su gol a Boca.<strong> &#8220;Le present\u00e9 a Cantero un proyecto de Manager con gesti\u00f3n, pero por ahora no se dio&#8221;<\/strong>, cont\u00f3 en di\u00e1logo con Infierno Rojo Radio. Y agreg\u00f3: <strong>&#8220;Tengo muchas ganas de volver al club con alguna labor que me puedan dar&#8221;.<\/strong><\/p>\n<p>Consultado sobre la cr\u00edtica situaci\u00f3n, describi\u00f3: <strong>&#8220;Tiene material; si se analiza el uno por uno, lo que tiene Independiente es mejor que lo que tienen otros&#8221;.<\/strong> Adem\u00e1s, destac\u00f3 a Ernesto Far\u00edas. <strong>&#8220;Ha hecho muchos goles y tiene que volver a su racha&#8221;, <\/strong>dese\u00f3.<\/p>\n<p>Volviendo al 2002 -ser\u00e1 homenajeado el s\u00e1bado-, record\u00f3: &#8220;<strong>Cuando faltaban 10 minutos para terminar el partido me clav\u00e9 al lado del Cuqui Silvera para ver si ligaba. Me saludan m\u00e1s el 24 de noviembre que el d\u00eda de mi cumplea\u00f1os. Lo vivo de esa manera: es mi segundo cumplea\u00f1os&#8221;.<\/strong><\/p>\n","protected":false},"excerpt":{"rendered":"<p>Lucas Pusineri volvi\u00f3 a ofrecerse para ocupar un cargo en el club aprovechando que en dos d\u00edas ser\u00e1 el d\u00e9cimo aniversario de su gol a Boca. &#8220;Le present\u00e9 a Cantero un proyecto de Manager con gesti\u00f3n, pero por ahora no se dio&#8221;, cont\u00f3 en di\u00e1logo con Infierno Rojo Radio. Y agreg\u00f3: &#8220;Tengo muchas ganas de [&hellip;]<\/p>\n","protected":false},"author":1,"featured_media":0,"comment_status":"open","ping_status":"open","sticky":false,"template":"","format":"standard","meta":{"_links_to":"","_links_to_target":""},"categories":[1],"tags":[193,153,723,145],"_links":{"self":[{"href":"https:\/\/www.locoxelrojo.com\/independiente\/wp-json\/wp\/v2\/posts\/24648"}],"collection":[{"href":"https:\/\/www.locoxelrojo.com\/independiente\/wp-json\/wp\/v2\/posts"}],"about":[{"href":"https:\/\/www.locoxelrojo.com\/independiente\/wp-json\/wp\/v2\/types\/post"}],"author":[{"embeddable":true,"href":"https:\/\/www.locoxelrojo.com\/independiente\/wp-json\/wp\/v2\/users\/1"}],"replies":[{"embeddable":true,"href":"https:\/\/www.locoxelrojo.com\/independiente\/wp-json\/wp\/v2\/comments?post=24648"}],"version-history":[{"count":0,"href":"https:\/\/www.locoxelrojo.com\/independiente\/wp-json\/wp\/v2\/posts\/24648\/revisions"}],"wp:attachment":[{"href":"https:\/\/www.locoxelrojo.com\/independiente\/wp-json\/wp\/v2\/media?parent=24648"}],"wp:term":[{"taxonomy":"category","embeddable":true,"href":"https:\/\/www.locoxelrojo.com\/independiente\/wp-json\/wp\/v2\/categories?post=24648"},{"taxonomy":"post_tag","embeddable":true,"href":"https:\/\/www.locoxelrojo.com\/independiente\/wp-json\/wp\/v2\/tags?post=24648"}],"curies":[{"name":"wp","href":"https:\/\/api.w.org\/{rel}","templated":true}]}}