{"id":247,"date":"2010-08-20T15:06:00","date_gmt":"2010-08-20T18:06:00","guid":{"rendered":"http:\/\/www.locoxelrojo.com.ar\/independiente\/?p=247"},"modified":"2015-09-08T22:06:09","modified_gmt":"2015-09-09T01:06:09","slug":"palpitando-river","status":"publish","type":"post","link":"https:\/\/www.locoxelrojo.com\/independiente\/2010\/08\/20\/palpitando-river\/","title":{"rendered":"Palpitando el duelo ante River"},"content":{"rendered":"<p><a href=\"http:\/\/www.locoxelrojo.com.ar\/independiente\/wp-content\/uploads\/2010\/08\/pelle.jpg\"><img loading=\"lazy\" class=\"alignnone size-full wp-image-248\" title=\"pelle\" src=\"http:\/\/www.locoxelrojo.com.ar\/independiente\/wp-content\/uploads\/2010\/08\/pelle.jpg\" alt=\"\" width=\"550\" height=\"315\" srcset=\"https:\/\/locoxelrojo.com\/independiente\/wp-content\/uploads\/2010\/08\/pelle.jpg 550w, https:\/\/locoxelrojo.com\/independiente\/wp-content\/uploads\/2010\/08\/pelle-300x171.jpg 300w\" sizes=\"(max-width: 550px) 100vw, 550px\" \/><\/a><\/p>\n<p>Alejandro Parmo en exclusiva para LXR Web,\u00a0 palpita la previa del partido con River junto a los hinchas. Nos cuenta todas las \u00faltimas novedades del Plantel Profesional, desde el Predio de Villa Dominico.<\/p>\n<p><object width=\"480\" height=\"385\" classid=\"clsid:d27cdb6e-ae6d-11cf-96b8-444553540000\" codebase=\"http:\/\/download.macromedia.com\/pub\/shockwave\/cabs\/flash\/swflash.cab#version=6,0,40,0\"><param name=\"allowFullScreen\" value=\"true\" \/><param name=\"allowscriptaccess\" value=\"always\" \/><param name=\"src\" value=\"http:\/\/www.youtube.com\/v\/-EC2nraINOE?fs=1&amp;hl=es_ES\" \/><param name=\"allowfullscreen\" value=\"true\" \/><embed type=\"application\/x-shockwave-flash\" width=\"480\" height=\"385\" src=\"http:\/\/www.youtube.com\/v\/-EC2nraINOE?fs=1&amp;hl=es_ES\" allowscriptaccess=\"always\" allowfullscreen=\"true\"><\/embed><\/object><\/p>\n<p>En cuanto al entrenamiento del d\u00eda de hoy, lleg\u00f3 el transfer de Pellerano, pero a pesar de esto el t\u00e9cnico Daniel Garnero se inclinar\u00eda por Fernando Godoy para reemplazar a Roberto Batti\u00f3n.<\/p>\n<p>Garnero par\u00f3 a Los 11: Gabbarini; Vall\u00e9s, Tuzzio, Galeano, Mareque; Fredes, Godoy, Mancuello; Graci\u00e1n; Pacheco y Silvera.<\/p>\n","protected":false},"excerpt":{"rendered":"<p>Alejandro Parmo en exclusiva para LXR Web,\u00a0 palpita la previa del partido con River junto a los hinchas. Nos cuenta todas las \u00faltimas novedades del Plantel Profesional, desde el Predio de Villa Dominico. En cuanto al entrenamiento del d\u00eda de hoy, lleg\u00f3 el transfer de Pellerano, pero a pesar de esto el t\u00e9cnico Daniel Garnero [&hellip;]<\/p>\n","protected":false},"author":1,"featured_media":0,"comment_status":"open","ping_status":"open","sticky":false,"template":"","format":"standard","meta":{"_links_to":"","_links_to_target":""},"categories":[3,1],"tags":[44,153,26,29],"_links":{"self":[{"href":"https:\/\/www.locoxelrojo.com\/independiente\/wp-json\/wp\/v2\/posts\/247"}],"collection":[{"href":"https:\/\/www.locoxelrojo.com\/independiente\/wp-json\/wp\/v2\/posts"}],"about":[{"href":"https:\/\/www.locoxelrojo.com\/independiente\/wp-json\/wp\/v2\/types\/post"}],"author":[{"embeddable":true,"href":"https:\/\/www.locoxelrojo.com\/independiente\/wp-json\/wp\/v2\/users\/1"}],"replies":[{"embeddable":true,"href":"https:\/\/www.locoxelrojo.com\/independiente\/wp-json\/wp\/v2\/comments?post=247"}],"version-history":[{"count":0,"href":"https:\/\/www.locoxelrojo.com\/independiente\/wp-json\/wp\/v2\/posts\/247\/revisions"}],"wp:attachment":[{"href":"https:\/\/www.locoxelrojo.com\/independiente\/wp-json\/wp\/v2\/media?parent=247"}],"wp:term":[{"taxonomy":"category","embeddable":true,"href":"https:\/\/www.locoxelrojo.com\/independiente\/wp-json\/wp\/v2\/categories?post=247"},{"taxonomy":"post_tag","embeddable":true,"href":"https:\/\/www.locoxelrojo.com\/independiente\/wp-json\/wp\/v2\/tags?post=247"}],"curies":[{"name":"wp","href":"https:\/\/api.w.org\/{rel}","templated":true}]}}