{"id":24709,"date":"2012-11-24T21:56:45","date_gmt":"2012-11-25T00:56:45","guid":{"rendered":"http:\/\/www.locoxelrojo.com.ar\/independiente\/?p=24709"},"modified":"2012-11-24T21:56:45","modified_gmt":"2012-11-25T00:56:45","slug":"volvio-con-un-gol-pero-se-perdio-otro","status":"publish","type":"post","link":"https:\/\/www.locoxelrojo.com\/independiente\/2012\/11\/24\/volvio-con-un-gol-pero-se-perdio-otro\/","title":{"rendered":"Volvi\u00f3 con un gol, pero se perdi\u00f3 otro"},"content":{"rendered":"<p><a href=\"http:\/\/www.locoxelrojo.com.ar\/independiente\/wp-content\/uploads\/2012\/11\/fredes-gol.jpg\"><img loading=\"lazy\" class=\"alignnone size-full wp-image-24712\" title=\"fredes-gol\" src=\"http:\/\/www.locoxelrojo.com.ar\/independiente\/wp-content\/uploads\/2012\/11\/fredes-gol.jpg\" alt=\"\" width=\"590\" height=\"315\" srcset=\"https:\/\/locoxelrojo.com\/independiente\/wp-content\/uploads\/2012\/11\/fredes-gol.jpg 590w, https:\/\/locoxelrojo.com\/independiente\/wp-content\/uploads\/2012\/11\/fredes-gol-300x160.jpg 300w\" sizes=\"(max-width: 590px) 100vw, 590px\" \/><\/a><\/p>\n<p><strong>Hern\u00e1n Fredes volvi\u00f3 a ser titular por torneos locales despu\u00e9s de la derrota por 2 a 1 en La Bombonera por la fecha 7, pasaron nueve encuentros del Inicial 2012, para ver la n\u00famero 10 nuevamente entre los once inicial.<\/strong><\/p>\n<p><strong>A los 4 minutos del primer tiempo, Osmar Ferreyra desbord\u00f3 por la izquierda y envi\u00f3 un centro bajo para que Fredes tirandose al piso ponga en ventaja a Independiente.<\/strong> Fue el 1 a 0 para el Rojo y el primero de Hern\u00e1n en el campeonato. <strong>Con esta camiseta, fue su grito n\u00famero 7 (cinco por torneos locales y 2 en copas), en 162 partidos oficiales AFA e Internacionales.<\/strong><\/p>\n<p>Incre\u00edblemente, a los 13 del segundo tiempo se repiti\u00f3 la formula. Otra corrida del Malevo por la banda izquierda, que termin\u00f3 en un buscapi\u00e9 para que el 10 la empuje casi abajo del arco, pero la pelota se fue a las nubes.<\/p>\n<p>Con alguna molestia y algo cansado, el Tolo Gallego lo sac\u00f3 a los 28 del complemento y en su lugar ingres\u00f3 Fabi\u00e1n Monserrat.<\/p>\n","protected":false},"excerpt":{"rendered":"<p>Hern\u00e1n Fredes volvi\u00f3 a ser titular por torneos locales despu\u00e9s de la derrota por 2 a 1 en La Bombonera por la fecha 7, pasaron nueve encuentros del Inicial 2012, para ver la n\u00famero 10 nuevamente entre los once inicial. A los 4 minutos del primer tiempo, Osmar Ferreyra desbord\u00f3 por la izquierda y envi\u00f3 [&hellip;]<\/p>\n","protected":false},"author":1,"featured_media":0,"comment_status":"open","ping_status":"open","sticky":false,"template":"","format":"standard","meta":{"_links_to":"","_links_to_target":""},"categories":[3,1],"tags":[153,71,173],"_links":{"self":[{"href":"https:\/\/www.locoxelrojo.com\/independiente\/wp-json\/wp\/v2\/posts\/24709"}],"collection":[{"href":"https:\/\/www.locoxelrojo.com\/independiente\/wp-json\/wp\/v2\/posts"}],"about":[{"href":"https:\/\/www.locoxelrojo.com\/independiente\/wp-json\/wp\/v2\/types\/post"}],"author":[{"embeddable":true,"href":"https:\/\/www.locoxelrojo.com\/independiente\/wp-json\/wp\/v2\/users\/1"}],"replies":[{"embeddable":true,"href":"https:\/\/www.locoxelrojo.com\/independiente\/wp-json\/wp\/v2\/comments?post=24709"}],"version-history":[{"count":0,"href":"https:\/\/www.locoxelrojo.com\/independiente\/wp-json\/wp\/v2\/posts\/24709\/revisions"}],"wp:attachment":[{"href":"https:\/\/www.locoxelrojo.com\/independiente\/wp-json\/wp\/v2\/media?parent=24709"}],"wp:term":[{"taxonomy":"category","embeddable":true,"href":"https:\/\/www.locoxelrojo.com\/independiente\/wp-json\/wp\/v2\/categories?post=24709"},{"taxonomy":"post_tag","embeddable":true,"href":"https:\/\/www.locoxelrojo.com\/independiente\/wp-json\/wp\/v2\/tags?post=24709"}],"curies":[{"name":"wp","href":"https:\/\/api.w.org\/{rel}","templated":true}]}}