{"id":24724,"date":"2012-11-24T22:53:01","date_gmt":"2012-11-25T01:53:01","guid":{"rendered":"http:\/\/www.locoxelrojo.com.ar\/independiente\/?p=24724"},"modified":"2012-11-24T22:53:01","modified_gmt":"2012-11-25T01:53:01","slug":"mancuello-dejo-la-cancha-en-el-primer-tiempo","status":"publish","type":"post","link":"https:\/\/www.locoxelrojo.com\/independiente\/2012\/11\/24\/mancuello-dejo-la-cancha-en-el-primer-tiempo\/","title":{"rendered":"Mancuello dej\u00f3 la cancha en el primer tiempo"},"content":{"rendered":"<p><a href=\"http:\/\/www.locoxelrojo.com.ar\/independiente\/wp-content\/uploads\/2012\/11\/mancu-cai-riv.jpg\"><img loading=\"lazy\" class=\"alignnone size-full wp-image-24727\" title=\"mancu-cai-riv\" src=\"http:\/\/www.locoxelrojo.com.ar\/independiente\/wp-content\/uploads\/2012\/11\/mancu-cai-riv.jpg\" alt=\"\" width=\"590\" height=\"315\" srcset=\"https:\/\/locoxelrojo.com\/independiente\/wp-content\/uploads\/2012\/11\/mancu-cai-riv.jpg 590w, https:\/\/locoxelrojo.com\/independiente\/wp-content\/uploads\/2012\/11\/mancu-cai-riv-300x160.jpg 300w\" sizes=\"(max-width: 590px) 100vw, 590px\" \/><\/a><\/p>\n<p>Promediando el primer tiempo, Federico Mancuello tuvo que dejar la cancha con una molestia en el aductor derecho. Desde el cesped, sobre la linea final se ve\u00eda al volante muy dolorido. Am\u00e9rico Gallego no dudo y realiz\u00f3 el cambio por Samuel C\u00e1ceres.<\/p>\n<p><strong>El doctor confirm\u00f3 un fuerte dolor inguinal y el lunes har\u00e1n los estudios para determinar el grado de la lesi\u00f3n. La misma se produce a los 25 minutos de la primera etapa, luego de un choque con el uruguayo Rodrigo Mora.<\/strong><\/p>\n<p>Al salir del vestuario, Macuello dijo al pasar <strong>&#8220;creo que me desgarre&#8221;<\/strong>. Minutos m\u00e1s tarde, fue el propio m\u00e9dico Luis Chiarad\u00eda, quien dio m\u00e1s detalles: <strong>\u201cSe resbala cuando pisa la alfombra. Ya lo habl\u00e9 bastante, no es la primera lesi\u00f3n que tenemos por ese motivo. Algo hay que hacer\u201d<\/strong>.<\/p>\n","protected":false},"excerpt":{"rendered":"<p>Promediando el primer tiempo, Federico Mancuello tuvo que dejar la cancha con una molestia en el aductor derecho. Desde el cesped, sobre la linea final se ve\u00eda al volante muy dolorido. Am\u00e9rico Gallego no dudo y realiz\u00f3 el cambio por Samuel C\u00e1ceres. El doctor confirm\u00f3 un fuerte dolor inguinal y el lunes har\u00e1n los estudios [&hellip;]<\/p>\n","protected":false},"author":1,"featured_media":0,"comment_status":"open","ping_status":"open","sticky":false,"template":"","format":"standard","meta":{"_links_to":"","_links_to_target":""},"categories":[3,1],"tags":[153,48,173,334],"_links":{"self":[{"href":"https:\/\/www.locoxelrojo.com\/independiente\/wp-json\/wp\/v2\/posts\/24724"}],"collection":[{"href":"https:\/\/www.locoxelrojo.com\/independiente\/wp-json\/wp\/v2\/posts"}],"about":[{"href":"https:\/\/www.locoxelrojo.com\/independiente\/wp-json\/wp\/v2\/types\/post"}],"author":[{"embeddable":true,"href":"https:\/\/www.locoxelrojo.com\/independiente\/wp-json\/wp\/v2\/users\/1"}],"replies":[{"embeddable":true,"href":"https:\/\/www.locoxelrojo.com\/independiente\/wp-json\/wp\/v2\/comments?post=24724"}],"version-history":[{"count":0,"href":"https:\/\/www.locoxelrojo.com\/independiente\/wp-json\/wp\/v2\/posts\/24724\/revisions"}],"wp:attachment":[{"href":"https:\/\/www.locoxelrojo.com\/independiente\/wp-json\/wp\/v2\/media?parent=24724"}],"wp:term":[{"taxonomy":"category","embeddable":true,"href":"https:\/\/www.locoxelrojo.com\/independiente\/wp-json\/wp\/v2\/categories?post=24724"},{"taxonomy":"post_tag","embeddable":true,"href":"https:\/\/www.locoxelrojo.com\/independiente\/wp-json\/wp\/v2\/tags?post=24724"}],"curies":[{"name":"wp","href":"https:\/\/api.w.org\/{rel}","templated":true}]}}