{"id":24882,"date":"2012-11-27T19:31:45","date_gmt":"2012-11-27T22:31:45","guid":{"rendered":"http:\/\/www.locoxelrojo.com.ar\/independiente\/?p=24882"},"modified":"2012-11-27T23:58:12","modified_gmt":"2012-11-28T02:58:12","slug":"montenegro-siempre-hablo-con-el-tolo","status":"publish","type":"post","link":"https:\/\/www.locoxelrojo.com\/independiente\/2012\/11\/27\/montenegro-siempre-hablo-con-el-tolo\/","title":{"rendered":"Montenegro: \u201cSiempre hablo con el Tolo\u201d"},"content":{"rendered":"<p><a href=\"http:\/\/www.locoxelrojo.com.ar\/independiente\/wp-content\/uploads\/2012\/11\/rolfi.jpg\"><img loading=\"lazy\" class=\"alignnone size-full wp-image-24883\" title=\"rolfi\" src=\"http:\/\/www.locoxelrojo.com.ar\/independiente\/wp-content\/uploads\/2012\/11\/rolfi.jpg\" alt=\"\" width=\"590\" height=\"315\" srcset=\"https:\/\/locoxelrojo.com\/independiente\/wp-content\/uploads\/2012\/11\/rolfi.jpg 590w, https:\/\/locoxelrojo.com\/independiente\/wp-content\/uploads\/2012\/11\/rolfi-300x160.jpg 300w\" sizes=\"(max-width: 590px) 100vw, 590px\" \/><\/a><\/p>\n<p><strong>Daniel Montenegro habl\u00f3 desde M\u00e9xico con Rock&amp;Closs y reconoci\u00f3 el inter\u00e9s de Independiente para contar con sus servicios a partir de diciembre.<\/strong> El volante, quien figura en la lista de transferibles del Am\u00e9rica, cont\u00f3 que tuvo una charla con Am\u00e9rico Gallego.<strong> &#8220;Hay una posibilidad que me vaya del Am\u00e9rica. Estamos hablando, han sido tres a\u00f1os y medio muy buenos.\u00a0 A veces hay que separarse y creemos que este es el momento&#8221;<\/strong>, sostuvo.<\/p>\n<p>En cuanto a la posibilidad de un nuevo regreso a Independiente dijo: <strong>&#8220;Siempre hablo con el Tolo, hasta cuando estaba sin dirigir&#8221;<\/strong>. Adem\u00e1s del Rojo, River tambi\u00e9n est\u00e1 en la b\u00fasqueda de un enganche y el Rolfi figura en la lista del Millonario.<\/p>\n<p><strong>Desde Independiente ya se pusieron en contacto con su representante y el retorno al club es muy posible, aun ante la negativa de varios integrantes de Comisi\u00f3n Directiva, que ya hicieron p\u00fablico su disconformismo con Montenegro.<\/strong><\/p>\n<p>Sin embargo, el Rolfi se mantiene cauto y no cierra las puertas a otros ofrecimientos:<strong> &#8220;Puede ser que vuelva a la Argentina, como por ah\u00ed no. Voy a escuchar a todos, no tengo nada definido todav\u00eda, porque esto es algo reciente, hace dos d\u00edas termin\u00f3 el torneo. Hay que esperar cual es la mejor opcion y ver lo mejor para mi futuro&#8221;<\/strong>. Tampoco descarta seguir su carrera en otro club mexicano.<strong> &#8220;Ac\u00e1 tambi\u00e9n se menciona mi nombre. Fueron 3 a\u00f1os y medio, termin\u00e9 siendo capit\u00e1n del equipo y podr\u00eda seguir mi carrera en M\u00e9xico&#8221;<\/strong>, aclar\u00f3.<\/p>\n<p><strong>&#8220;Por ahora me voy a quedar ac\u00e1, para ver en que termina todo y tener un panorama de lo que quiero&#8221;<\/strong>, cerr\u00f3. El operativo retorno ya est\u00e1 en marcha, veremos como termina.<\/p>\n","protected":false},"excerpt":{"rendered":"<p>Daniel Montenegro habl\u00f3 desde M\u00e9xico con Rock&amp;Closs y reconoci\u00f3 el inter\u00e9s de Independiente para contar con sus servicios a partir de diciembre. El volante, quien figura en la lista de transferibles del Am\u00e9rica, cont\u00f3 que tuvo una charla con Am\u00e9rico Gallego. &#8220;Hay una posibilidad que me vaya del Am\u00e9rica. Estamos hablando, han sido tres a\u00f1os [&hellip;]<\/p>\n","protected":false},"author":1,"featured_media":0,"comment_status":"open","ping_status":"open","sticky":false,"template":"","format":"standard","meta":{"_links_to":"","_links_to_target":""},"categories":[3,1],"tags":[634,1131,153,173,35],"_links":{"self":[{"href":"https:\/\/www.locoxelrojo.com\/independiente\/wp-json\/wp\/v2\/posts\/24882"}],"collection":[{"href":"https:\/\/www.locoxelrojo.com\/independiente\/wp-json\/wp\/v2\/posts"}],"about":[{"href":"https:\/\/www.locoxelrojo.com\/independiente\/wp-json\/wp\/v2\/types\/post"}],"author":[{"embeddable":true,"href":"https:\/\/www.locoxelrojo.com\/independiente\/wp-json\/wp\/v2\/users\/1"}],"replies":[{"embeddable":true,"href":"https:\/\/www.locoxelrojo.com\/independiente\/wp-json\/wp\/v2\/comments?post=24882"}],"version-history":[{"count":0,"href":"https:\/\/www.locoxelrojo.com\/independiente\/wp-json\/wp\/v2\/posts\/24882\/revisions"}],"wp:attachment":[{"href":"https:\/\/www.locoxelrojo.com\/independiente\/wp-json\/wp\/v2\/media?parent=24882"}],"wp:term":[{"taxonomy":"category","embeddable":true,"href":"https:\/\/www.locoxelrojo.com\/independiente\/wp-json\/wp\/v2\/categories?post=24882"},{"taxonomy":"post_tag","embeddable":true,"href":"https:\/\/www.locoxelrojo.com\/independiente\/wp-json\/wp\/v2\/tags?post=24882"}],"curies":[{"name":"wp","href":"https:\/\/api.w.org\/{rel}","templated":true}]}}