{"id":24887,"date":"2012-11-27T19:11:40","date_gmt":"2012-11-27T22:11:40","guid":{"rendered":"http:\/\/www.locoxelrojo.com.ar\/independiente\/?p=24887"},"modified":"2012-11-27T23:54:46","modified_gmt":"2012-11-28T02:54:46","slug":"vargas-me-siento-mas-comodo-jugando-por-el-centro-del-campo","status":"publish","type":"post","link":"https:\/\/www.locoxelrojo.com\/independiente\/2012\/11\/27\/vargas-me-siento-mas-comodo-jugando-por-el-centro-del-campo\/","title":{"rendered":"Vargas: \u201cMe siento m\u00e1s c\u00f3modo jugando por el centro del campo\u201d"},"content":{"rendered":"<p><a href=\"http:\/\/www.locoxelrojo.com.ar\/independiente\/wp-content\/uploads\/2012\/11\/vargas-f.jpg\"><img loading=\"lazy\" class=\"alignnone size-full wp-image-24893\" title=\"vargas-f\" src=\"http:\/\/www.locoxelrojo.com.ar\/independiente\/wp-content\/uploads\/2012\/11\/vargas-f.jpg\" alt=\"\" width=\"590\" height=\"315\" srcset=\"https:\/\/locoxelrojo.com\/independiente\/wp-content\/uploads\/2012\/11\/vargas-f.jpg 590w, https:\/\/locoxelrojo.com\/independiente\/wp-content\/uploads\/2012\/11\/vargas-f-300x160.jpg 300w\" sizes=\"(max-width: 590px) 100vw, 590px\" \/><\/a><\/p>\n<p><strong>Fabi\u00e1n Vargas critic\u00f3 el arbitraje de N\u00e9stor Pitana frente a River, por el penal que no cobr\u00f3 en la jugada que lo tuvo como protagonista ante la mano del defensor Leandro Gonz\u00e1lez P\u00edrez.<\/strong> Adem\u00e1s, explic\u00f3 que se siente mejor jugando por el centro del mediocampo y no sobre los extremos.<\/p>\n<p><strong>&#8220;Yo le dije a Pitana en la jugada que no pod\u00eda ser sin intenci\u00f3n, si me hab\u00eda cortado una jugada de gol. Es una decisi\u00f3n muy dificil, en poco tiempo las que tienen que tomar los \u00e1rbitros, pero para m\u00ed era penal&#8221;<\/strong>, tir\u00f3 el colombiano en Rock&amp;Closs.<\/p>\n<p><strong>&#8220;A nosotros nos lo hubieran pitado en contra. Nos pas\u00f3 con Godoy Cruz, en la primera fecha que debut\u00f3 el Tolo&#8221;<\/strong>, record\u00f3. <strong>&#8220;A Pitana le falt\u00f3 un poco m\u00e1s de personalidad para cobrar eso. Gener\u00f3 m\u00e1s esc\u00e1ndalo al no cobrarlo, que sancionando el penal&#8221;<\/strong>, agreg\u00f3.<\/p>\n<p>En cuanto a su posici\u00f3n dentro de la cancha, Vargas cont\u00f3 que le gusta m\u00e1s jugar por el centro y que estaba jugando por los costados para hacerle un favor a Gallego. <strong>&#8220;Me siento m\u00e1s c\u00f3modo jugando por el centro del campo, que por afuera. El Tolo lo sabe, yo le estaba dando una mano de jugar m\u00e1s abierto. Ya en los \u00faltimos partidos que por el costado necesit\u00e1bamos hacer la diferencia, el trabajo que yo realizaba no le serv\u00eda&#8221;<\/strong>, explic\u00f3 el volante.  <strong>&#8220;La posicion del segundo tiempo con River es en la que me siento m\u00e1s c\u00f3modo, es la que me gusta y le puedo aportar a Independiente generar m\u00e1s situaciones de gol&#8221;<\/strong>, a\u00f1adi\u00f3.<\/p>\n<p>Se vienen los 45 minutos restantes con Belgrano y est\u00e1 confiado en que se puede dar vuelta el marcador: <strong>&#8220;Tenemos la capacidad, estamos con mucha confianza que podemos dar vuelta el partido. Somos conscientes que tenemos que salir a buscar el partido de entrada, pero tambi\u00e9n hay que tomar los recaudos y ser inteligentes para manejar el contragolpe que es el fuerte de ellos&#8221;<\/strong>.<\/p>\n<p>Por \u00faltimo, se mostr\u00f3 esperanzado con sacar a Independiente adelante: <strong>&#8220;Hay que pensar en positivo, tener la cabeza arriba y saber que nosotros podemos dar vuelta esta situaci\u00f3n&#8221;<\/strong>.<\/p>\n","protected":false},"excerpt":{"rendered":"<p>Fabi\u00e1n Vargas critic\u00f3 el arbitraje de N\u00e9stor Pitana frente a River, por el penal que no cobr\u00f3 en la jugada que lo tuvo como protagonista ante la mano del defensor Leandro Gonz\u00e1lez P\u00edrez. Adem\u00e1s, explic\u00f3 que se siente mejor jugando por el centro del mediocampo y no sobre los extremos. &#8220;Yo le dije a Pitana [&hellip;]<\/p>\n","protected":false},"author":1,"featured_media":0,"comment_status":"open","ping_status":"open","sticky":false,"template":"","format":"standard","meta":{"_links_to":"","_links_to_target":""},"categories":[3,1],"tags":[153,1560,173,1749],"_links":{"self":[{"href":"https:\/\/www.locoxelrojo.com\/independiente\/wp-json\/wp\/v2\/posts\/24887"}],"collection":[{"href":"https:\/\/www.locoxelrojo.com\/independiente\/wp-json\/wp\/v2\/posts"}],"about":[{"href":"https:\/\/www.locoxelrojo.com\/independiente\/wp-json\/wp\/v2\/types\/post"}],"author":[{"embeddable":true,"href":"https:\/\/www.locoxelrojo.com\/independiente\/wp-json\/wp\/v2\/users\/1"}],"replies":[{"embeddable":true,"href":"https:\/\/www.locoxelrojo.com\/independiente\/wp-json\/wp\/v2\/comments?post=24887"}],"version-history":[{"count":0,"href":"https:\/\/www.locoxelrojo.com\/independiente\/wp-json\/wp\/v2\/posts\/24887\/revisions"}],"wp:attachment":[{"href":"https:\/\/www.locoxelrojo.com\/independiente\/wp-json\/wp\/v2\/media?parent=24887"}],"wp:term":[{"taxonomy":"category","embeddable":true,"href":"https:\/\/www.locoxelrojo.com\/independiente\/wp-json\/wp\/v2\/categories?post=24887"},{"taxonomy":"post_tag","embeddable":true,"href":"https:\/\/www.locoxelrojo.com\/independiente\/wp-json\/wp\/v2\/tags?post=24887"}],"curies":[{"name":"wp","href":"https:\/\/api.w.org\/{rel}","templated":true}]}}