{"id":24930,"date":"2012-11-28T10:30:36","date_gmt":"2012-11-28T13:30:36","guid":{"rendered":"http:\/\/www.locoxelrojo.com.ar\/independiente\/?p=24930"},"modified":"2012-11-28T02:34:14","modified_gmt":"2012-11-28T05:34:14","slug":"a-39-anos-de-la-primera-copa-intercontinental","status":"publish","type":"post","link":"https:\/\/www.locoxelrojo.com\/independiente\/2012\/11\/28\/a-39-anos-de-la-primera-copa-intercontinental\/","title":{"rendered":"A 39 a\u00f1os de la primera Copa Intercontinental"},"content":{"rendered":"<p><a href=\"http:\/\/www.locoxelrojo.com.ar\/independiente\/wp-content\/uploads\/2012\/11\/bochini.jpg\"><img loading=\"lazy\" class=\"alignnone size-full wp-image-24946\" title=\"bochini\" src=\"http:\/\/www.locoxelrojo.com.ar\/independiente\/wp-content\/uploads\/2012\/11\/bochini.jpg\" alt=\"\" width=\"590\" height=\"315\" srcset=\"https:\/\/locoxelrojo.com\/independiente\/wp-content\/uploads\/2012\/11\/bochini.jpg 590w, https:\/\/locoxelrojo.com\/independiente\/wp-content\/uploads\/2012\/11\/bochini-300x160.jpg 300w\" sizes=\"(max-width: 590px) 100vw, 590px\" \/><\/a><\/p>\n<p><strong>Hoy se cumplen 39 a\u00f1os de la primera Copa Intercontinental que gan\u00f3 Independiente en su historia. El 28 de noviembre de 1973, el Rojo venc\u00eda a la Juventus en el Estadio Ol\u00edmpico de Roma y se consagraba campe\u00f3n del mundo. \u00a1Salud!<\/strong><\/p>\n<p>Era dif\u00edcil de conseguir. Si bien el equipo de Avellaneda se hab\u00eda alzado con cuatro Copas Libertadores, el t\u00edtulo m\u00e1s grande del planeta se le negaba.<strong> Pero siempre hay una primera vez. Tras ser campe\u00f3n del torneo continental en 1973, Independiente deb\u00eda enfrentar al Ajax holand\u00e9s, pero el equipo europeo declin\u00f3 de jugar para cuidar a sus jugadores.<\/strong><\/p>\n<p><strong>De esta forma, tocaba chocar contra el subcampe\u00f3n de la Copa de Campeones de Europa: la Juventus de Italia.<\/strong> Y as\u00ed fue. Independiente lleg\u00f3 al Ol\u00edmpico de Roma y sorprendi\u00f3 al mundo entero. <strong>A los 32 minutos del segundo tiempo, Ricardo Bochini realiz\u00f3 una doble pared espectacular con Daniel Bertoni, para luego definir por encima del arquero. Golazo.<\/strong><\/p>\n<p><strong>El encuentro termin\u00f3 1 a 0 a favor de Independiente y los de Avellaneda festejaban su primer t\u00edtulo mundial en tierras italianas. \u00a1Felices 39 a\u00f1os, campe\u00f3n!<\/strong><\/p>\n","protected":false},"excerpt":{"rendered":"<p>Hoy se cumplen 39 a\u00f1os de la primera Copa Intercontinental que gan\u00f3 Independiente en su historia. El 28 de noviembre de 1973, el Rojo venc\u00eda a la Juventus en el Estadio Ol\u00edmpico de Roma y se consagraba campe\u00f3n del mundo. \u00a1Salud! Era dif\u00edcil de conseguir. Si bien el equipo de Avellaneda se hab\u00eda alzado con [&hellip;]<\/p>\n","protected":false},"author":11,"featured_media":0,"comment_status":"open","ping_status":"open","sticky":false,"template":"","format":"standard","meta":{"_links_to":"","_links_to_target":""},"categories":[3,1],"tags":[153,889,173,1145,475],"_links":{"self":[{"href":"https:\/\/www.locoxelrojo.com\/independiente\/wp-json\/wp\/v2\/posts\/24930"}],"collection":[{"href":"https:\/\/www.locoxelrojo.com\/independiente\/wp-json\/wp\/v2\/posts"}],"about":[{"href":"https:\/\/www.locoxelrojo.com\/independiente\/wp-json\/wp\/v2\/types\/post"}],"author":[{"embeddable":true,"href":"https:\/\/www.locoxelrojo.com\/independiente\/wp-json\/wp\/v2\/users\/11"}],"replies":[{"embeddable":true,"href":"https:\/\/www.locoxelrojo.com\/independiente\/wp-json\/wp\/v2\/comments?post=24930"}],"version-history":[{"count":0,"href":"https:\/\/www.locoxelrojo.com\/independiente\/wp-json\/wp\/v2\/posts\/24930\/revisions"}],"wp:attachment":[{"href":"https:\/\/www.locoxelrojo.com\/independiente\/wp-json\/wp\/v2\/media?parent=24930"}],"wp:term":[{"taxonomy":"category","embeddable":true,"href":"https:\/\/www.locoxelrojo.com\/independiente\/wp-json\/wp\/v2\/categories?post=24930"},{"taxonomy":"post_tag","embeddable":true,"href":"https:\/\/www.locoxelrojo.com\/independiente\/wp-json\/wp\/v2\/tags?post=24930"}],"curies":[{"name":"wp","href":"https:\/\/api.w.org\/{rel}","templated":true}]}}