{"id":25031,"date":"2012-11-29T21:08:42","date_gmt":"2012-11-30T00:08:42","guid":{"rendered":"http:\/\/www.locoxelrojo.com.ar\/independiente\/?p=25031"},"modified":"2012-11-30T03:22:14","modified_gmt":"2012-11-30T06:22:14","slug":"cantero-debi-usar-otro-tipo-de-palabras-pido-disculpas","status":"publish","type":"post","link":"https:\/\/www.locoxelrojo.com\/independiente\/2012\/11\/29\/cantero-debi-usar-otro-tipo-de-palabras-pido-disculpas\/","title":{"rendered":"Cantero: &#8220;Deb\u00ed usar otro tipo de palabras, pido disculpas&#8221;"},"content":{"rendered":"<p><a href=\"http:\/\/www.locoxelrojo.com.ar\/independiente\/wp-content\/uploads\/2012\/11\/Cantero-15.jpg\"><img loading=\"lazy\" class=\"alignnone size-full wp-image-25052\" title=\"Cantero 15\" src=\"http:\/\/www.locoxelrojo.com.ar\/independiente\/wp-content\/uploads\/2012\/11\/Cantero-15.jpg\" alt=\"\" width=\"590\" height=\"315\" srcset=\"https:\/\/locoxelrojo.com\/independiente\/wp-content\/uploads\/2012\/11\/Cantero-15.jpg 590w, https:\/\/locoxelrojo.com\/independiente\/wp-content\/uploads\/2012\/11\/Cantero-15-300x160.jpg 300w\" sizes=\"(max-width: 590px) 100vw, 590px\" \/><\/a><\/p>\n<p>Javier Cantero se refiri\u00f3 en su cuenta de twitter <a href=\"https:\/\/twitter.com\/VJavierCantero\">@VJavierCantero<\/a> <strong>a la charla que tuvo ayer con algunos hinchas en el hall de la platea Erico. &#8220;Deb\u00ed usar otro tipo de palabras, pido disculpas&#8221;, reconoci\u00f3. Por otro lado, solicit\u00f3 que los hinchas no insulten a los jugadores y fue optimista en cuanto al futuro.<\/strong><\/p>\n<p><strong>&#8220;La informaci\u00f3n que publican en algunos medios period\u00edsticos no fue una declaraci\u00f3n a la prensa, fue un intercambio con socios en el estadio. No critico esa grabaci\u00f3n de los periodistas. Cumplo un rol social y deb\u00ed usar otro tipo de palabras, pido disculpas&#8221;<\/strong>, twite\u00f3 el Presidente.<\/p>\n<p>Luego se refiri\u00f3 a los insultos de la gente hacia los jugadores y pidi\u00f3 reflexi\u00f3n: <strong>&#8220;Pido que se reflexione sobre la inconveniencia de insultar jugadores. No beneficia para su rendimiento. Y no lo merecen&#8221;<\/strong>. Y se hizo cargo de la situaci\u00f3n: <strong>&#8220;Los m\u00e1ximos responsables somos los integrantes de la Comisi\u00f3n Directiva del club. Fundamentalmente quien suscribe&#8221;.<\/strong><\/p>\n<p>Finalmente fue optimista respecto de lo que se viene para Independiente.<strong> &#8220;Estamos en una situaci\u00f3n muy dif\u00edcil, pero por suerte tenemos el mejor Cuerpo T\u00e9cnico para este momento y el plantel que necesitamos&#8221;<\/strong>, concluy\u00f3.<\/p>\n","protected":false},"excerpt":{"rendered":"<p>Javier Cantero se refiri\u00f3 en su cuenta de twitter @VJavierCantero a la charla que tuvo ayer con algunos hinchas en el hall de la platea Erico. &#8220;Deb\u00ed usar otro tipo de palabras, pido disculpas&#8221;, reconoci\u00f3. Por otro lado, solicit\u00f3 que los hinchas no insulten a los jugadores y fue optimista en cuanto al futuro. &#8220;La [&hellip;]<\/p>\n","protected":false},"author":11,"featured_media":0,"comment_status":"open","ping_status":"open","sticky":false,"template":"","format":"standard","meta":{"_links_to":"","_links_to_target":""},"categories":[3,1],"tags":[153,173,723],"_links":{"self":[{"href":"https:\/\/www.locoxelrojo.com\/independiente\/wp-json\/wp\/v2\/posts\/25031"}],"collection":[{"href":"https:\/\/www.locoxelrojo.com\/independiente\/wp-json\/wp\/v2\/posts"}],"about":[{"href":"https:\/\/www.locoxelrojo.com\/independiente\/wp-json\/wp\/v2\/types\/post"}],"author":[{"embeddable":true,"href":"https:\/\/www.locoxelrojo.com\/independiente\/wp-json\/wp\/v2\/users\/11"}],"replies":[{"embeddable":true,"href":"https:\/\/www.locoxelrojo.com\/independiente\/wp-json\/wp\/v2\/comments?post=25031"}],"version-history":[{"count":0,"href":"https:\/\/www.locoxelrojo.com\/independiente\/wp-json\/wp\/v2\/posts\/25031\/revisions"}],"wp:attachment":[{"href":"https:\/\/www.locoxelrojo.com\/independiente\/wp-json\/wp\/v2\/media?parent=25031"}],"wp:term":[{"taxonomy":"category","embeddable":true,"href":"https:\/\/www.locoxelrojo.com\/independiente\/wp-json\/wp\/v2\/categories?post=25031"},{"taxonomy":"post_tag","embeddable":true,"href":"https:\/\/www.locoxelrojo.com\/independiente\/wp-json\/wp\/v2\/tags?post=25031"}],"curies":[{"name":"wp","href":"https:\/\/api.w.org\/{rel}","templated":true}]}}