{"id":25072,"date":"2012-11-30T21:36:06","date_gmt":"2012-12-01T00:36:06","guid":{"rendered":"http:\/\/www.locoxelrojo.com.ar\/independiente\/?p=25072"},"modified":"2015-09-29T21:41:50","modified_gmt":"2015-09-30T00:41:50","slug":"morel-%e2%80%9ces-importante-que-el-hincha-en-vez-de-putear-aliente","status":"publish","type":"post","link":"https:\/\/www.locoxelrojo.com\/independiente\/2012\/11\/30\/morel-%e2%80%9ces-importante-que-el-hincha-en-vez-de-putear-aliente\/","title":{"rendered":"Morel Rodr\u00edguez: &#8220;Es importante que el hincha en vez de putear, aliente&#8221;"},"content":{"rendered":"<p><a href=\"http:\/\/www.locoxelrojo.com.ar\/independiente\/wp-content\/uploads\/2012\/11\/morel-r.jpg\"><img loading=\"lazy\" class=\"alignnone size-full wp-image-25073\" title=\"morel-r\" src=\"http:\/\/www.locoxelrojo.com.ar\/independiente\/wp-content\/uploads\/2012\/11\/morel-r.jpg\" alt=\"\" width=\"590\" height=\"315\" srcset=\"https:\/\/locoxelrojo.com\/independiente\/wp-content\/uploads\/2012\/11\/morel-r.jpg 590w, https:\/\/locoxelrojo.com\/independiente\/wp-content\/uploads\/2012\/11\/morel-r-300x160.jpg 300w\" sizes=\"(max-width: 590px) 100vw, 590px\" \/><\/a><\/p>\n<p>Claudio Morel Rodr\u00edguez ya est\u00e1 recuperado del desgarro que sufri\u00f3 ante Lan\u00fas y vuelve al equipo titular el pr\u00f3ximo domingo contra San Lorenzo.<strong> El lateral habl\u00f3 en Rock&amp;Closs y le pidi\u00f3 m\u00e1s apoyo a los hinchas.<\/strong><\/p>\n<p><strong>\u201cEs importante que el hincha en vez de putear aliente. M\u00e1s en esta situaci\u00f3n\u201d<\/strong>, manifest\u00f3 en relaci\u00f3n a los insultos que vienen recibiendo los jugadores desde la derrota con Estudiantes en el estadio \u00danico de La Plata. <strong>\u201cSomos los primeros que queremos salir de esta situaci\u00f3n\u201d<\/strong>, agreg\u00f3.<\/p>\n<p>La derrota ante Belgrano, sobre todo de la forma en que se perdi\u00f3 el partido, peg\u00f3 fuerte dentro del plantel. Tanto, que hasta el propio Am\u00e9rico Gallego no sabe que m\u00e1s hacer para volver a la senda ganadora. <strong>\u201cLa desesperaci\u00f3n de ir a ganarlo nos hizo quedar mano a mano y perder el partido\u201d<\/strong>, explic\u00f3 Morel Rodr\u00edguez.<\/p>\n<p>Por \u00faltimo indic\u00f3:<strong> \u201cTenemos la responsabilidad de estar en un equipo grande y afrontar esta situaci\u00f3n. Por m\u00e1s que tengas experiencia, esto repercute en la cabeza de uno\u201d<\/strong>.<\/p>\n","protected":false},"excerpt":{"rendered":"<p>Claudio Morel Rodr\u00edguez ya est\u00e1 recuperado del desgarro que sufri\u00f3 ante Lan\u00fas y vuelve al equipo titular el pr\u00f3ximo domingo contra San Lorenzo. El lateral habl\u00f3 en Rock&amp;Closs y le pidi\u00f3 m\u00e1s apoyo a los hinchas. \u201cEs importante que el hincha en vez de putear aliente. M\u00e1s en esta situaci\u00f3n\u201d, manifest\u00f3 en relaci\u00f3n a los [&hellip;]<\/p>\n","protected":false},"author":1,"featured_media":0,"comment_status":"open","ping_status":"open","sticky":false,"template":"","format":"standard","meta":{"_links_to":"","_links_to_target":""},"categories":[3,1],"tags":[1620,153,173],"_links":{"self":[{"href":"https:\/\/www.locoxelrojo.com\/independiente\/wp-json\/wp\/v2\/posts\/25072"}],"collection":[{"href":"https:\/\/www.locoxelrojo.com\/independiente\/wp-json\/wp\/v2\/posts"}],"about":[{"href":"https:\/\/www.locoxelrojo.com\/independiente\/wp-json\/wp\/v2\/types\/post"}],"author":[{"embeddable":true,"href":"https:\/\/www.locoxelrojo.com\/independiente\/wp-json\/wp\/v2\/users\/1"}],"replies":[{"embeddable":true,"href":"https:\/\/www.locoxelrojo.com\/independiente\/wp-json\/wp\/v2\/comments?post=25072"}],"version-history":[{"count":0,"href":"https:\/\/www.locoxelrojo.com\/independiente\/wp-json\/wp\/v2\/posts\/25072\/revisions"}],"wp:attachment":[{"href":"https:\/\/www.locoxelrojo.com\/independiente\/wp-json\/wp\/v2\/media?parent=25072"}],"wp:term":[{"taxonomy":"category","embeddable":true,"href":"https:\/\/www.locoxelrojo.com\/independiente\/wp-json\/wp\/v2\/categories?post=25072"},{"taxonomy":"post_tag","embeddable":true,"href":"https:\/\/www.locoxelrojo.com\/independiente\/wp-json\/wp\/v2\/tags?post=25072"}],"curies":[{"name":"wp","href":"https:\/\/api.w.org\/{rel}","templated":true}]}}