{"id":25170,"date":"2012-12-03T17:22:29","date_gmt":"2012-12-03T20:22:29","guid":{"rendered":"http:\/\/www.locoxelrojo.com.ar\/independiente\/?p=25170"},"modified":"2012-12-03T17:40:34","modified_gmt":"2012-12-03T20:40:34","slug":"dia-libre-3","status":"publish","type":"post","link":"https:\/\/www.locoxelrojo.com\/independiente\/2012\/12\/03\/dia-libre-3\/","title":{"rendered":"D\u00eda libre"},"content":{"rendered":"<p><a href=\"http:\/\/www.locoxelrojo.com.ar\/independiente\/wp-content\/uploads\/2012\/12\/practica.jpg\"><img loading=\"lazy\" class=\"alignnone size-full wp-image-25176\" title=\"practica\" src=\"http:\/\/www.locoxelrojo.com.ar\/independiente\/wp-content\/uploads\/2012\/12\/practica.jpg\" alt=\"\" width=\"590\" height=\"315\" srcset=\"https:\/\/locoxelrojo.com\/independiente\/wp-content\/uploads\/2012\/12\/practica.jpg 590w, https:\/\/locoxelrojo.com\/independiente\/wp-content\/uploads\/2012\/12\/practica-300x160.jpg 300w\" sizes=\"(max-width: 590px) 100vw, 590px\" \/><\/a><\/p>\n<p>Luego de la dura derrota por 2 a 1 ante San Lorenzo en el Nuevo Gas\u00f3metro, <strong>Independiente volver\u00e1 a los entrenamientos el martes por la ma\u00f1ana en el predio de Villa Dom\u00ednico.<\/strong><\/p>\n<p>Inexplicablemente, a una semana de sus vacaciones y con mucho en juego, <strong>Am\u00e9rcio Rub\u00e9n Gallego decidi\u00f3 darle un d\u00eda de descanso a sus dirigidos.<\/strong> Por eso, hoy no hubo pr\u00e1ctica formal en Santo Domingo y los jugadores deber\u00e1n presentarse en la ma\u00f1ana del martes para encarar los \u00faltimos d\u00edas de trabajo del a\u00f1o, de cara al partido ante Col\u00f3n.<\/p>\n<p><strong>Desde la dirigencia explicaron que la medida la tom\u00f3 el propio entrenador y que ellos no son los que tom\u00e1n las decisiones en estos casos.<\/strong><\/p>\n<p><strong>Mientras tanto, los hinchas no encuentran respuestas por este mal momento y el equipo se va insultado hace varios partidos. No s\u00f3lo dentro de la cancha, sino tambi\u00e9n afuera con agresiones al micro. Anoche se produjo un cruce de Hern\u00e1n Fredes y el Tolo Gallego con algunos en la puerta del hotel. Las cr\u00edticas en lo dirigencial no son s\u00f3lo para Julio Comparada, sino que comenzaron los primeros cuestionamientos a Javier Cantero.<\/strong><\/p>\n<p>En medio de todo este clima tenso, el Rojo retornar\u00e1 ma\u00f1ana a los \u00faltimos entrenamientos del a\u00f1o.<\/p>\n","protected":false},"excerpt":{"rendered":"<p>Luego de la dura derrota por 2 a 1 ante San Lorenzo en el Nuevo Gas\u00f3metro, Independiente volver\u00e1 a los entrenamientos el martes por la ma\u00f1ana en el predio de Villa Dom\u00ednico. Inexplicablemente, a una semana de sus vacaciones y con mucho en juego, Am\u00e9rcio Rub\u00e9n Gallego decidi\u00f3 darle un d\u00eda de descanso a sus [&hellip;]<\/p>\n","protected":false},"author":1,"featured_media":0,"comment_status":"open","ping_status":"open","sticky":false,"template":"","format":"standard","meta":{"_links_to":"","_links_to_target":""},"categories":[3,1],"tags":[634,153,71,173,35],"_links":{"self":[{"href":"https:\/\/www.locoxelrojo.com\/independiente\/wp-json\/wp\/v2\/posts\/25170"}],"collection":[{"href":"https:\/\/www.locoxelrojo.com\/independiente\/wp-json\/wp\/v2\/posts"}],"about":[{"href":"https:\/\/www.locoxelrojo.com\/independiente\/wp-json\/wp\/v2\/types\/post"}],"author":[{"embeddable":true,"href":"https:\/\/www.locoxelrojo.com\/independiente\/wp-json\/wp\/v2\/users\/1"}],"replies":[{"embeddable":true,"href":"https:\/\/www.locoxelrojo.com\/independiente\/wp-json\/wp\/v2\/comments?post=25170"}],"version-history":[{"count":0,"href":"https:\/\/www.locoxelrojo.com\/independiente\/wp-json\/wp\/v2\/posts\/25170\/revisions"}],"wp:attachment":[{"href":"https:\/\/www.locoxelrojo.com\/independiente\/wp-json\/wp\/v2\/media?parent=25170"}],"wp:term":[{"taxonomy":"category","embeddable":true,"href":"https:\/\/www.locoxelrojo.com\/independiente\/wp-json\/wp\/v2\/categories?post=25170"},{"taxonomy":"post_tag","embeddable":true,"href":"https:\/\/www.locoxelrojo.com\/independiente\/wp-json\/wp\/v2\/tags?post=25170"}],"curies":[{"name":"wp","href":"https:\/\/api.w.org\/{rel}","templated":true}]}}