{"id":25171,"date":"2012-12-03T18:59:39","date_gmt":"2012-12-03T21:59:39","guid":{"rendered":"http:\/\/www.locoxelrojo.com.ar\/independiente\/?p=25171"},"modified":"2012-12-03T18:59:39","modified_gmt":"2012-12-03T21:59:39","slug":"p-moyano-cantero-es-un-figureti-y-nos-manda-a-la-b","status":"publish","type":"post","link":"https:\/\/www.locoxelrojo.com\/independiente\/2012\/12\/03\/p-moyano-cantero-es-un-figureti-y-nos-manda-a-la-b\/","title":{"rendered":"P. Moyano: &#8220;Cantero es un figureti y nos manda a la B&#8221;"},"content":{"rendered":"<p><a href=\"http:\/\/www.locoxelrojo.com.ar\/independiente\/wp-content\/uploads\/2012\/12\/pmoyano.jpg\"><img loading=\"lazy\" class=\"alignnone size-full wp-image-25190\" title=\"pmoyano\" src=\"http:\/\/www.locoxelrojo.com.ar\/independiente\/wp-content\/uploads\/2012\/12\/pmoyano.jpg\" alt=\"\" width=\"590\" height=\"315\" srcset=\"https:\/\/locoxelrojo.com\/independiente\/wp-content\/uploads\/2012\/12\/pmoyano.jpg 590w, https:\/\/locoxelrojo.com\/independiente\/wp-content\/uploads\/2012\/12\/pmoyano-300x160.jpg 300w\" sizes=\"(max-width: 590px) 100vw, 590px\" \/><\/a><\/p>\n<p>Pablo Moyano <strong>opin\u00f3 que Javier Cantero mandar\u00e1 a la &#8220;B&#8221; a Independiente y asegur\u00f3 que &#8220;es un figureti que no quiere unidad&#8221;. De todas formas, afirm\u00f3 que est\u00e1 dispuesto a colaborar si el Presidente &#8220;tiene un gesto de humildad&#8221;.<\/strong><\/p>\n<p><strong>&#8220;Hay que ponerse a gobernar, no hablamos con Cantero, no quiere unidad. Es un figureti y nos va a mandar a la B. Agarra la bandera de la barra y nos manda a la B&#8221;<\/strong>, dispar\u00f3 el titular de Camioneros en di\u00e1logo con Radio 9.<\/p>\n<p>Luego, sigui\u00f3 con su cr\u00edtica hacia el actual Presidente, pero aclar\u00f3 que est\u00e1 dispuesto a aportar al club si Cantero reflexiona:<strong> &#8220;Hay que unirse. Dejemos la fotito o eso de que un refer\u00ed no cobr\u00f3 un penal. Recibo mensajes de todos, para ver que podemos hacer por Independiente. Nosotros estamos dispuestos a colaborar, pero que Cantero tenga un gesto de humildad&#8221;.<\/strong><\/p>\n<p>Finalmente entendi\u00f3 que dos refuerzos no alcanzan para que el Rojo se salve y que el club est\u00e1 por encima del Presidente. <strong>&#8220;Yo no estoy en el club, con dos refuerzos no creo que alcance. Se nos cagan de risa en la AFA, ac\u00e1 el club est\u00e1 por encima de Cantero y nos manda a la B&#8221;<\/strong>, concluy\u00f3.<\/p>\n","protected":false},"excerpt":{"rendered":"<p>Pablo Moyano opin\u00f3 que Javier Cantero mandar\u00e1 a la &#8220;B&#8221; a Independiente y asegur\u00f3 que &#8220;es un figureti que no quiere unidad&#8221;. De todas formas, afirm\u00f3 que est\u00e1 dispuesto a colaborar si el Presidente &#8220;tiene un gesto de humildad&#8221;. &#8220;Hay que ponerse a gobernar, no hablamos con Cantero, no quiere unidad. Es un figureti y [&hellip;]<\/p>\n","protected":false},"author":11,"featured_media":0,"comment_status":"open","ping_status":"open","sticky":false,"template":"","format":"standard","meta":{"_links_to":"","_links_to_target":""},"categories":[3,1],"tags":[153,173,723,439],"_links":{"self":[{"href":"https:\/\/www.locoxelrojo.com\/independiente\/wp-json\/wp\/v2\/posts\/25171"}],"collection":[{"href":"https:\/\/www.locoxelrojo.com\/independiente\/wp-json\/wp\/v2\/posts"}],"about":[{"href":"https:\/\/www.locoxelrojo.com\/independiente\/wp-json\/wp\/v2\/types\/post"}],"author":[{"embeddable":true,"href":"https:\/\/www.locoxelrojo.com\/independiente\/wp-json\/wp\/v2\/users\/11"}],"replies":[{"embeddable":true,"href":"https:\/\/www.locoxelrojo.com\/independiente\/wp-json\/wp\/v2\/comments?post=25171"}],"version-history":[{"count":0,"href":"https:\/\/www.locoxelrojo.com\/independiente\/wp-json\/wp\/v2\/posts\/25171\/revisions"}],"wp:attachment":[{"href":"https:\/\/www.locoxelrojo.com\/independiente\/wp-json\/wp\/v2\/media?parent=25171"}],"wp:term":[{"taxonomy":"category","embeddable":true,"href":"https:\/\/www.locoxelrojo.com\/independiente\/wp-json\/wp\/v2\/categories?post=25171"},{"taxonomy":"post_tag","embeddable":true,"href":"https:\/\/www.locoxelrojo.com\/independiente\/wp-json\/wp\/v2\/tags?post=25171"}],"curies":[{"name":"wp","href":"https:\/\/api.w.org\/{rel}","templated":true}]}}