{"id":25173,"date":"2012-12-03T18:55:10","date_gmt":"2012-12-03T21:55:10","guid":{"rendered":"http:\/\/www.locoxelrojo.com.ar\/independiente\/?p=25173"},"modified":"2012-12-03T18:55:10","modified_gmt":"2012-12-03T21:55:10","slug":"nakis-todavia-tenemos-cinco-meses","status":"publish","type":"post","link":"https:\/\/www.locoxelrojo.com\/independiente\/2012\/12\/03\/nakis-todavia-tenemos-cinco-meses\/","title":{"rendered":"Nakis: &#8220;Todav\u00eda tenemos cinco meses&#8221;"},"content":{"rendered":"<p><a href=\"http:\/\/www.locoxelrojo.com.ar\/independiente\/wp-content\/uploads\/2012\/12\/noray.jpg\"><img loading=\"lazy\" class=\"alignnone size-full wp-image-25188\" title=\"noray\" src=\"http:\/\/www.locoxelrojo.com.ar\/independiente\/wp-content\/uploads\/2012\/12\/noray.jpg\" alt=\"\" width=\"590\" height=\"315\" srcset=\"https:\/\/locoxelrojo.com\/independiente\/wp-content\/uploads\/2012\/12\/noray.jpg 590w, https:\/\/locoxelrojo.com\/independiente\/wp-content\/uploads\/2012\/12\/noray-300x160.jpg 300w\" sizes=\"(max-width: 590px) 100vw, 590px\" \/><\/a><\/p>\n<p><strong>Noray Nakis fue optimista en cuanto al futuro de Independiente y entendi\u00f3 que todav\u00eda hay cinco meses para buscar la salvaci\u00f3n, aunque reiter\u00f3 que la actual dirigencia debe pedir ayuda urgente.<\/strong><\/p>\n<p><strong>&#8220;River se fue a la B en tres semanas. Todav\u00eda tenemos cinco meses&#8221;<\/strong>, expres\u00f3 el ex candidato a Presidente en Radio 9. <strong>&#8220;Yo no tengo ning\u00fan problema en colaborar. Debe convocar a la familia del Kun Ag\u00fcero, a los Moyano, a los Esp\u00f3sito, a Fabio Fernandez&#8221;<\/strong>, ampli\u00f3.<\/p>\n<p>En cuanto a la relaci\u00f3n de Independiente con la AFA, asegur\u00f3 que no existen problemas: <strong>&#8220;A m\u00ed me ense\u00f1aron que hay que tantear previamente al Comit\u00e9 Ejecutivo. La AFA le da a Independiente lo que a todos los clubes y m\u00e1s tambien&#8221;.<\/strong><\/p>\n<p>Para cerrar, opin\u00f3 que Javier Cantero deber\u00eda pasar m\u00e1s tiempo en AFA.<strong> &#8220;Si vos ven\u00eds una hora por semana y quer\u00e9s cambiar algunas cosas es muy dif\u00edcil&#8221;<\/strong>, finaliz\u00f3.<\/p>\n","protected":false},"excerpt":{"rendered":"<p>Noray Nakis fue optimista en cuanto al futuro de Independiente y entendi\u00f3 que todav\u00eda hay cinco meses para buscar la salvaci\u00f3n, aunque reiter\u00f3 que la actual dirigencia debe pedir ayuda urgente. &#8220;River se fue a la B en tres semanas. Todav\u00eda tenemos cinco meses&#8221;, expres\u00f3 el ex candidato a Presidente en Radio 9. &#8220;Yo no [&hellip;]<\/p>\n","protected":false},"author":11,"featured_media":0,"comment_status":"open","ping_status":"open","sticky":false,"template":"","format":"standard","meta":{"_links_to":"","_links_to_target":""},"categories":[4,1],"tags":[218,153,173,723,50],"_links":{"self":[{"href":"https:\/\/www.locoxelrojo.com\/independiente\/wp-json\/wp\/v2\/posts\/25173"}],"collection":[{"href":"https:\/\/www.locoxelrojo.com\/independiente\/wp-json\/wp\/v2\/posts"}],"about":[{"href":"https:\/\/www.locoxelrojo.com\/independiente\/wp-json\/wp\/v2\/types\/post"}],"author":[{"embeddable":true,"href":"https:\/\/www.locoxelrojo.com\/independiente\/wp-json\/wp\/v2\/users\/11"}],"replies":[{"embeddable":true,"href":"https:\/\/www.locoxelrojo.com\/independiente\/wp-json\/wp\/v2\/comments?post=25173"}],"version-history":[{"count":0,"href":"https:\/\/www.locoxelrojo.com\/independiente\/wp-json\/wp\/v2\/posts\/25173\/revisions"}],"wp:attachment":[{"href":"https:\/\/www.locoxelrojo.com\/independiente\/wp-json\/wp\/v2\/media?parent=25173"}],"wp:term":[{"taxonomy":"category","embeddable":true,"href":"https:\/\/www.locoxelrojo.com\/independiente\/wp-json\/wp\/v2\/categories?post=25173"},{"taxonomy":"post_tag","embeddable":true,"href":"https:\/\/www.locoxelrojo.com\/independiente\/wp-json\/wp\/v2\/tags?post=25173"}],"curies":[{"name":"wp","href":"https:\/\/api.w.org\/{rel}","templated":true}]}}