{"id":2523,"date":"2010-11-05T18:29:32","date_gmt":"2010-11-05T20:29:32","guid":{"rendered":"http:\/\/www.locoxelrojo.com.ar\/independiente\/?p=2523"},"modified":"2010-11-05T20:25:48","modified_gmt":"2010-11-05T22:25:48","slug":"incertidumbre-para-enfrentar-a-san-lorenzo","status":"publish","type":"post","link":"https:\/\/www.locoxelrojo.com\/independiente\/2010\/11\/05\/incertidumbre-para-enfrentar-a-san-lorenzo\/","title":{"rendered":"Incertidumbre para enfrentar a San Lorenzo"},"content":{"rendered":"<p><a href=\"http:\/\/www.locoxelrojo.com.ar\/independiente\/wp-content\/uploads\/2010\/11\/entre01.jpg\"><img loading=\"lazy\" class=\"alignnone size-full wp-image-2524\" title=\"entre01\" src=\"http:\/\/www.locoxelrojo.com.ar\/independiente\/wp-content\/uploads\/2010\/11\/entre01.jpg\" alt=\"\" width=\"550\" height=\"315\" srcset=\"https:\/\/locoxelrojo.com\/independiente\/wp-content\/uploads\/2010\/11\/entre01.jpg 550w, https:\/\/locoxelrojo.com\/independiente\/wp-content\/uploads\/2010\/11\/entre01-300x171.jpg 300w\" sizes=\"(max-width: 550px) 100vw, 550px\" \/><\/a><\/p>\n<p>Independiente arranc\u00f3 el entrenamiento a las 16,00 horas en Villa Dom\u00ednico pero Mohamed no confirm\u00f3 los titulares aunque los tiene en la cabeza. El plantel se encontraba concentrado en el Hotel Intercontinental luego de arribar al pa\u00eds ayer pasadas las 23,00 horas.<\/p>\n<p>Ma\u00f1ana el equipo har\u00e1 pelota parada y ultimar\u00e1 detalles en vista al encuentro del domingo a las 14,00 horas frente a San Lorenzo de Almagro en el Bajo Flores.<\/p>\n<p>Federico Mancuello -no viaj\u00f3 a Colombia- y Adri\u00e1n Gabbarini trabajaron de forma diferenciada. Sorprendentemente, el arquero sufri\u00f3 un tir\u00f3n en la espalda al gritar el segundo gol de Independiente detr\u00e1s del arco de Hilario Navarro en Ibagu\u00e9.<\/p>\n<p>Se estima entonces que el 11 no saldr\u00e1 de Hilario Navarro (Gabbarini concentra a pesar de la molestia lumbar en el salto del festejo del gol), Gabriel Valles o Cristian B\u00e1ez, Carlos Matheu, Juli\u00e1nVel\u00e1zquez y Maximiliano Vel\u00e1zquez; Pellerano y Godoy en el mediocampo, Mart\u00edn G\u00f3mez por derecha, Leandro Graci\u00e1n como enganche, Nicol\u00e1s Mart\u00ednez por izquierda y Germ\u00e1n Pacheco como \u00fanico delantero.<\/p>\n<p>En tanto, el banco estar\u00eda formado por Gabbarini, Galeano, B\u00e1ez si queda afuera de los titulares, Barcia, Iv\u00e1n P\u00e9rez, Roberto Batti\u00f3n, Brian Nieva, Patricio Rodr\u00edguez y Ariaudo.<\/p>\n","protected":false},"excerpt":{"rendered":"<p>Independiente arranc\u00f3 el entrenamiento a las 16,00 horas en Villa Dom\u00ednico pero Mohamed no confirm\u00f3 los titulares aunque los tiene en la cabeza. El plantel se encontraba concentrado en el Hotel Intercontinental luego de arribar al pa\u00eds ayer pasadas las 23,00 horas. Ma\u00f1ana el equipo har\u00e1 pelota parada y ultimar\u00e1 detalles en vista al encuentro [&hellip;]<\/p>\n","protected":false},"author":1,"featured_media":0,"comment_status":"open","ping_status":"open","sticky":false,"template":"","format":"standard","meta":{"_links_to":"","_links_to_target":""},"categories":[3,1],"tags":[77,124,48,187,219],"_links":{"self":[{"href":"https:\/\/www.locoxelrojo.com\/independiente\/wp-json\/wp\/v2\/posts\/2523"}],"collection":[{"href":"https:\/\/www.locoxelrojo.com\/independiente\/wp-json\/wp\/v2\/posts"}],"about":[{"href":"https:\/\/www.locoxelrojo.com\/independiente\/wp-json\/wp\/v2\/types\/post"}],"author":[{"embeddable":true,"href":"https:\/\/www.locoxelrojo.com\/independiente\/wp-json\/wp\/v2\/users\/1"}],"replies":[{"embeddable":true,"href":"https:\/\/www.locoxelrojo.com\/independiente\/wp-json\/wp\/v2\/comments?post=2523"}],"version-history":[{"count":0,"href":"https:\/\/www.locoxelrojo.com\/independiente\/wp-json\/wp\/v2\/posts\/2523\/revisions"}],"wp:attachment":[{"href":"https:\/\/www.locoxelrojo.com\/independiente\/wp-json\/wp\/v2\/media?parent=2523"}],"wp:term":[{"taxonomy":"category","embeddable":true,"href":"https:\/\/www.locoxelrojo.com\/independiente\/wp-json\/wp\/v2\/categories?post=2523"},{"taxonomy":"post_tag","embeddable":true,"href":"https:\/\/www.locoxelrojo.com\/independiente\/wp-json\/wp\/v2\/tags?post=2523"}],"curies":[{"name":"wp","href":"https:\/\/api.w.org\/{rel}","templated":true}]}}