{"id":25307,"date":"2012-12-07T14:08:19","date_gmt":"2012-12-07T17:08:19","guid":{"rendered":"http:\/\/www.locoxelrojo.com.ar\/independiente\/?p=25307"},"modified":"2015-09-29T21:56:50","modified_gmt":"2015-09-30T00:56:50","slug":"concentrados-para-la-ultima-con-colon","status":"publish","type":"post","link":"https:\/\/www.locoxelrojo.com\/independiente\/2012\/12\/07\/concentrados-para-la-ultima-con-colon\/","title":{"rendered":"Concentrados vs. Col\u00f3n"},"content":{"rendered":"<p><a href=\"http:\/\/www.locoxelrojo.com.ar\/independiente\/wp-content\/uploads\/2012\/12\/pizzini-vuelta.jpg\"><img loading=\"lazy\" class=\"alignnone size-full wp-image-25311\" title=\"pizzini-vuelta\" src=\"http:\/\/www.locoxelrojo.com.ar\/independiente\/wp-content\/uploads\/2012\/12\/pizzini-vuelta.jpg\" alt=\"\" width=\"590\" height=\"315\" srcset=\"https:\/\/locoxelrojo.com\/independiente\/wp-content\/uploads\/2012\/12\/pizzini-vuelta.jpg 590w, https:\/\/locoxelrojo.com\/independiente\/wp-content\/uploads\/2012\/12\/pizzini-vuelta-300x160.jpg 300w\" sizes=\"(max-width: 590px) 100vw, 590px\" \/><\/a><\/p>\n<p>Al t\u00e9rmino del entrenamiento matutino en el predio de Villa Dom\u00ednico, Am\u00e9rico Rub\u00e9n Gallego entreg\u00f3 la lista de jugadores concentrados de cara al \u00faltimo partido del a\u00f1o, ya que el pendiente del Inicial 2012 con Tigre se jugar\u00e1 en el 2013.<\/p>\n<p><strong>En la n\u00f3mina se destaca la aparici\u00f3n de Francisco Pizzini<\/strong>, quien no ven\u00eda entrenando con Primera Divisi\u00f3n y fue subido por Gallego esta semana. Tuvo pocas chances de jugar con Ram\u00f3n D\u00edaz y en el ciclo de Cristian D\u00edaz, pero desde hace varios partidos es una de las figuras de La Piponeta.<\/p>\n<p>En esta oportunidad, <strong>no vuelven a figurar Eduardo Tuzzio y V\u00edctor Zapata<\/strong>. El Chapa hab\u00eda vuelto a ser tenido en cuenta por el Tolo, pero un golpe en la previa con San Lorenzo lo dej\u00f3 afuera del encuentro. <strong>Tampoco est\u00e1 Patricio Vidal entre los delanteros convocados.<\/strong><\/p>\n<p><strong>Los 18 jugadores citados por el Tolo para el domingo:<\/strong><\/p>\n<p><strong>Arqueros:<\/strong> Hilario Navarro y Diego Rodr\u00edguez.<br \/>\n<strong><br \/>\nDefensores:<\/strong> Cristian Tula, Claudio Morel Rodr\u00edguez, Leonel Galeano, Federico Gay y Samuel C\u00e1ceres.<\/p>\n<p><strong>Volantes:<\/strong> Paulo Rosales, Roberto Batti\u00f3n, Jonathan Santana, Osmar Ferreyra, Hern\u00e1n Fredes, Fabi\u00e1n Vargas, Fabi\u00e1n Monserrat y Lucas Villafa\u00f1ez.<\/p>\n<p><strong>Delanteros:<\/strong> Ernesto Far\u00edas, Mart\u00edn Ben\u00edtez y Francisco Pizzini.<\/p>\n","protected":false},"excerpt":{"rendered":"<p>Al t\u00e9rmino del entrenamiento matutino en el predio de Villa Dom\u00ednico, Am\u00e9rico Rub\u00e9n Gallego entreg\u00f3 la lista de jugadores concentrados de cara al \u00faltimo partido del a\u00f1o, ya que el pendiente del Inicial 2012 con Tigre se jugar\u00e1 en el 2013. En la n\u00f3mina se destaca la aparici\u00f3n de Francisco Pizzini, quien no ven\u00eda entrenando [&hellip;]<\/p>\n","protected":false},"author":1,"featured_media":0,"comment_status":"open","ping_status":"open","sticky":false,"template":"","format":"standard","meta":{"_links_to":"","_links_to_target":""},"categories":[3,1],"tags":[153,2989,3056],"_links":{"self":[{"href":"https:\/\/www.locoxelrojo.com\/independiente\/wp-json\/wp\/v2\/posts\/25307"}],"collection":[{"href":"https:\/\/www.locoxelrojo.com\/independiente\/wp-json\/wp\/v2\/posts"}],"about":[{"href":"https:\/\/www.locoxelrojo.com\/independiente\/wp-json\/wp\/v2\/types\/post"}],"author":[{"embeddable":true,"href":"https:\/\/www.locoxelrojo.com\/independiente\/wp-json\/wp\/v2\/users\/1"}],"replies":[{"embeddable":true,"href":"https:\/\/www.locoxelrojo.com\/independiente\/wp-json\/wp\/v2\/comments?post=25307"}],"version-history":[{"count":0,"href":"https:\/\/www.locoxelrojo.com\/independiente\/wp-json\/wp\/v2\/posts\/25307\/revisions"}],"wp:attachment":[{"href":"https:\/\/www.locoxelrojo.com\/independiente\/wp-json\/wp\/v2\/media?parent=25307"}],"wp:term":[{"taxonomy":"category","embeddable":true,"href":"https:\/\/www.locoxelrojo.com\/independiente\/wp-json\/wp\/v2\/categories?post=25307"},{"taxonomy":"post_tag","embeddable":true,"href":"https:\/\/www.locoxelrojo.com\/independiente\/wp-json\/wp\/v2\/tags?post=25307"}],"curies":[{"name":"wp","href":"https:\/\/api.w.org\/{rel}","templated":true}]}}