{"id":25317,"date":"2012-12-07T15:22:56","date_gmt":"2012-12-07T18:22:56","guid":{"rendered":"http:\/\/www.locoxelrojo.com.ar\/independiente\/?p=25317"},"modified":"2012-12-07T15:22:56","modified_gmt":"2012-12-07T18:22:56","slug":"ahora-le-toco-el-turno-a-hugo-moyano","status":"publish","type":"post","link":"https:\/\/www.locoxelrojo.com\/independiente\/2012\/12\/07\/ahora-le-toco-el-turno-a-hugo-moyano\/","title":{"rendered":"Ahora le toc\u00f3 el turno a Hugo Moyano"},"content":{"rendered":"<p><a href=\"http:\/\/www.locoxelrojo.com.ar\/independiente\/wp-content\/uploads\/2012\/12\/moyano-hugo.jpg\"><img loading=\"lazy\" class=\"alignnone size-full wp-image-25318\" title=\"moyano-hugo\" src=\"http:\/\/www.locoxelrojo.com.ar\/independiente\/wp-content\/uploads\/2012\/12\/moyano-hugo.jpg\" alt=\"\" width=\"590\" height=\"315\" srcset=\"https:\/\/locoxelrojo.com\/independiente\/wp-content\/uploads\/2012\/12\/moyano-hugo.jpg 590w, https:\/\/locoxelrojo.com\/independiente\/wp-content\/uploads\/2012\/12\/moyano-hugo-300x160.jpg 300w\" sizes=\"(max-width: 590px) 100vw, 590px\" \/><\/a><\/p>\n<p><strong>Javier Cantero sigue con las reuniones y esta vez le toc\u00f3 el turno a Hugo Moyano. Adem\u00e1s del titular de la CGT opositora, tambi\u00e9n participaron Pedro Larralde representando a Independiente, Fabio Fern\u00e1ndez empresario muy conocido en Avellaneda y quien fuera candidato a Secretario General en la lista Nueva Generaci\u00f3n Roja, el ex Secretario Deportivo de Independiente H\u00e9ctor Yoyo Maldonado, Abel Frutos del Sindicato de Panaderos y el titular de\u00a0Asociaci\u00f3n de Personal T\u00e9cnico\u00a0Aeron\u00e1utico\u00a0(APTA) Ricardo Cirielli.<\/strong><\/p>\n<p>Fue el propio Hugo Moyano, quien en declaraciones a Radio 9 confirm\u00f3 el encuentro que se llev\u00f3 a cabo en el Sindicato de Camioneros. <strong>\u201cEl motivo fue la preocupaci\u00f3n que tenemos todos los que amamos a Independiente por la situaci\u00f3n deportiva y en otros aspectos que vive el Club. Fue muy importante porque aclaramos algunas cosas que se han dicho, pero adem\u00e1s mostramos el compromiso de hacer el esfuerzo necesario para que Independiente salga de esta situaci\u00f3n y podamos mantener ese orgullo que nos caracteriza&#8221;<\/strong>, explic\u00f3.<\/p>\n<p>La idea fue acercar a todas las partes y entre todo poder sacar a Independiente de esta crisis futbol\u00edstica e institucional: <strong>\u201cCada uno de nosotros vamos a transmitir al resto de los hombres que quieren a Independiente, que quiz\u00e1s no tienen posibilidad de este tipo de reuniones, la inquietud para que todos pongamos el hombro\u201d<\/strong>, agreg\u00f3 Moyano.<\/p>\n<p>Adem\u00e1s, la misma sirvi\u00f3 para aclarar algunas peleas del pasado: <strong>\u201cUn poco nos molest\u00f3 a nosotros cuando en el discurso de asunci\u00f3n el dijo que se hab\u00eda sacado de encima a la corporaci\u00f3n sindical. Nosotros siempre ayudamos a Independiente sin pedir nada a cambio. Aclaramos ese incidente y ya qued\u00f3 de lado\u201d<\/strong>.<\/p>\n<p>Estas personalidades, se comprometieron a colaborar para los refuerzos que llegar\u00edan de cara al pr\u00f3ximo semestre. <strong>\u201cHablamos de alg\u00fan jugador, pero le corresponder\u00e1 decirlo a \u00e9l como m\u00e1xima autoridad. Nosotros nos comprometimos en el apoyo. Conocemos empresarios que tambi\u00e9n son hinchas del Rojo. Veremos todo lo que est\u00e9 a nuestro alcance y realizaremos el esfuerzo que sea necesario para sacar a Independiente de esta situaci\u00f3n futbol\u00edstica y en todos los ordenes&#8221;<\/strong>, aclar\u00f3.<\/p>\n<p>Por \u00faltimo, le manifest\u00f3 todo su apoyo a Am\u00e9rico Gallego: <strong>\u201cNosotros al Tolo lo respetamos mucho. Creo que es un hombre fundamental para salir de esta situaci\u00f3n. Hemos hablado y le hemos dado todo nuestro respaldo y ahora a trav\u00e9s del presidente lo hemos hecho institucionalmente. Estamos convencidos de que el Tolo va a ser uno de los fundamentales para sacar a Independiente de esta situaci\u00f3n\u201d<\/strong>.<\/p>\n","protected":false},"excerpt":{"rendered":"<p>Javier Cantero sigue con las reuniones y esta vez le toc\u00f3 el turno a Hugo Moyano. Adem\u00e1s del titular de la CGT opositora, tambi\u00e9n participaron Pedro Larralde representando a Independiente, Fabio Fern\u00e1ndez empresario muy conocido en Avellaneda y quien fuera candidato a Secretario General en la lista Nueva Generaci\u00f3n Roja, el ex Secretario Deportivo de [&hellip;]<\/p>\n","protected":false},"author":1,"featured_media":0,"comment_status":"open","ping_status":"open","sticky":false,"template":"","format":"standard","meta":{"_links_to":"","_links_to_target":""},"categories":[4,1],"tags":[1865,153,1864,140,173,1866],"_links":{"self":[{"href":"https:\/\/www.locoxelrojo.com\/independiente\/wp-json\/wp\/v2\/posts\/25317"}],"collection":[{"href":"https:\/\/www.locoxelrojo.com\/independiente\/wp-json\/wp\/v2\/posts"}],"about":[{"href":"https:\/\/www.locoxelrojo.com\/independiente\/wp-json\/wp\/v2\/types\/post"}],"author":[{"embeddable":true,"href":"https:\/\/www.locoxelrojo.com\/independiente\/wp-json\/wp\/v2\/users\/1"}],"replies":[{"embeddable":true,"href":"https:\/\/www.locoxelrojo.com\/independiente\/wp-json\/wp\/v2\/comments?post=25317"}],"version-history":[{"count":0,"href":"https:\/\/www.locoxelrojo.com\/independiente\/wp-json\/wp\/v2\/posts\/25317\/revisions"}],"wp:attachment":[{"href":"https:\/\/www.locoxelrojo.com\/independiente\/wp-json\/wp\/v2\/media?parent=25317"}],"wp:term":[{"taxonomy":"category","embeddable":true,"href":"https:\/\/www.locoxelrojo.com\/independiente\/wp-json\/wp\/v2\/categories?post=25317"},{"taxonomy":"post_tag","embeddable":true,"href":"https:\/\/www.locoxelrojo.com\/independiente\/wp-json\/wp\/v2\/tags?post=25317"}],"curies":[{"name":"wp","href":"https:\/\/api.w.org\/{rel}","templated":true}]}}