{"id":25414,"date":"2012-12-09T23:35:31","date_gmt":"2012-12-10T02:35:31","guid":{"rendered":"http:\/\/www.locoxelrojo.com.ar\/independiente\/?p=25414"},"modified":"2012-12-10T01:22:16","modified_gmt":"2012-12-10T04:22:16","slug":"cantero-no-nos-podemos-equivocar-con-los-refuerzos","status":"publish","type":"post","link":"https:\/\/www.locoxelrojo.com\/independiente\/2012\/12\/09\/cantero-no-nos-podemos-equivocar-con-los-refuerzos\/","title":{"rendered":"Cantero: &#8220;No nos podemos equivocar con los refuerzos&#8221;"},"content":{"rendered":"<p><a href=\"http:\/\/www.locoxelrojo.com.ar\/independiente\/wp-content\/uploads\/2012\/12\/jc.jpg\"><img loading=\"lazy\" class=\"alignnone size-full wp-image-25463\" title=\"jc\" src=\"http:\/\/www.locoxelrojo.com.ar\/independiente\/wp-content\/uploads\/2012\/12\/jc.jpg\" alt=\"\" width=\"590\" height=\"315\" srcset=\"https:\/\/locoxelrojo.com\/independiente\/wp-content\/uploads\/2012\/12\/jc.jpg 590w, https:\/\/locoxelrojo.com\/independiente\/wp-content\/uploads\/2012\/12\/jc-300x160.jpg 300w\" sizes=\"(max-width: 590px) 100vw, 590px\" \/><\/a><\/p>\n<p><strong>Javier Cantero dialog\u00f3 esta noche en Minuto Final y expres\u00f3 que no puede equivocarse con los refuerzos que lleguen para el pr\u00f3ximo torneo. Adem\u00e1s, se refiri\u00f3 al mal rendimiento del equipo y de la agresi\u00f3n a Claudio Keblaitis por parte de algunos hinchas.<\/strong><\/p>\n<p><strong>&#8220;Gallego est\u00e1 trabajando en los refuerzos. No queremos dar nombres y no quiero quemarlos. Necesitamos gente de nivel, pero despu\u00e9s puede salir bien o mal. Montenegro es un jugador importante, pero no hay nada definido&#8221;, <\/strong>manifest\u00f3 el Presidente.<strong> &#8220;Es una situaci\u00f3n horrible la del descenso, pero hay que salir de esto. No nos podemos equivocar con los refuerzos que vayan a venir&#8221;, <\/strong>ampli\u00f3.<\/p>\n<p>Luego, hizo referencia al mal rendimiento del equipo y record\u00f3 que la mala preparaci\u00f3n de algunos jugadores influy\u00f3: <strong>&#8220;Hablo mucho con Gallego y aprendo. El grupo tiene algunas falencias. Trajimos jugadores que nos encantan, pero no fue homog\u00e9nea la preparaci\u00f3n f\u00edsica y eso nos complic\u00f3&#8221;.<\/strong><\/p>\n<p>Finalmente opin\u00f3 de la agresi\u00f3n que recibi\u00f3 el Vicepresidente Segundo tras el empate ante Col\u00f3n. <strong>&#8220;Claudio Keblaitis pas\u00f3 un mal momento. Intent\u00f3 quedarse a explicar, pero cuando la gente se pone tan nerviosa, no se puede&#8221;<\/strong>, cerr\u00f3.<\/p>\n","protected":false},"excerpt":{"rendered":"<p>Javier Cantero dialog\u00f3 esta noche en Minuto Final y expres\u00f3 que no puede equivocarse con los refuerzos que lleguen para el pr\u00f3ximo torneo. Adem\u00e1s, se refiri\u00f3 al mal rendimiento del equipo y de la agresi\u00f3n a Claudio Keblaitis por parte de algunos hinchas. &#8220;Gallego est\u00e1 trabajando en los refuerzos. No queremos dar nombres y no [&hellip;]<\/p>\n","protected":false},"author":11,"featured_media":0,"comment_status":"open","ping_status":"open","sticky":false,"template":"","format":"standard","meta":{"_links_to":"","_links_to_target":""},"categories":[3,1],"tags":[1837,1081,153,173,723],"_links":{"self":[{"href":"https:\/\/www.locoxelrojo.com\/independiente\/wp-json\/wp\/v2\/posts\/25414"}],"collection":[{"href":"https:\/\/www.locoxelrojo.com\/independiente\/wp-json\/wp\/v2\/posts"}],"about":[{"href":"https:\/\/www.locoxelrojo.com\/independiente\/wp-json\/wp\/v2\/types\/post"}],"author":[{"embeddable":true,"href":"https:\/\/www.locoxelrojo.com\/independiente\/wp-json\/wp\/v2\/users\/11"}],"replies":[{"embeddable":true,"href":"https:\/\/www.locoxelrojo.com\/independiente\/wp-json\/wp\/v2\/comments?post=25414"}],"version-history":[{"count":0,"href":"https:\/\/www.locoxelrojo.com\/independiente\/wp-json\/wp\/v2\/posts\/25414\/revisions"}],"wp:attachment":[{"href":"https:\/\/www.locoxelrojo.com\/independiente\/wp-json\/wp\/v2\/media?parent=25414"}],"wp:term":[{"taxonomy":"category","embeddable":true,"href":"https:\/\/www.locoxelrojo.com\/independiente\/wp-json\/wp\/v2\/categories?post=25414"},{"taxonomy":"post_tag","embeddable":true,"href":"https:\/\/www.locoxelrojo.com\/independiente\/wp-json\/wp\/v2\/tags?post=25414"}],"curies":[{"name":"wp","href":"https:\/\/api.w.org\/{rel}","templated":true}]}}