{"id":25571,"date":"2012-12-13T17:16:43","date_gmt":"2012-12-13T20:16:43","guid":{"rendered":"http:\/\/www.locoxelrojo.com.ar\/independiente\/?p=25571"},"modified":"2015-09-29T22:22:26","modified_gmt":"2015-09-30T01:22:26","slug":"al-libertadores-a-la-pileta","status":"publish","type":"post","link":"https:\/\/www.locoxelrojo.com\/independiente\/2012\/12\/13\/al-libertadores-a-la-pileta\/","title":{"rendered":"Reapertura de la pileta"},"content":{"rendered":"<p><a href=\"http:\/\/www.locoxelrojo.com.ar\/independiente\/wp-content\/uploads\/2012\/12\/cai-pileta-lda.jpg\"><img loading=\"lazy\" class=\"alignnone size-full wp-image-25572\" title=\"cai-pileta-lda\" src=\"http:\/\/www.locoxelrojo.com.ar\/independiente\/wp-content\/uploads\/2012\/12\/cai-pileta-lda.jpg\" alt=\"\" width=\"590\" height=\"315\" srcset=\"https:\/\/locoxelrojo.com\/independiente\/wp-content\/uploads\/2012\/12\/cai-pileta-lda.jpg 590w, https:\/\/locoxelrojo.com\/independiente\/wp-content\/uploads\/2012\/12\/cai-pileta-lda-300x160.jpg 300w\" sizes=\"(max-width: 590px) 100vw, 590px\" \/><\/a><\/p>\n<p><strong>El lunes 17 de diciembre se realizar\u00e1 la reapertura de la pileta del Estadio Libertadores de Am\u00e9rica, que este verano contar\u00e1 con la actividad de Saltos Ornamentales. El horario de la pileta ser\u00e1 de 10 a 20 hs.<\/strong><\/p>\n<p>Adem\u00e1s, el Departamento de Educaci\u00f3n F\u00edsica informa que las clases de nataci\u00f3n tendr\u00e1n continuidad durante la temporada de verano en el Estadio.<\/p>\n<p>Por lo tanto, todos los que concurren a tomar clases durante el a\u00f1o tendr\u00e1n la posibilidad de asistir al Estadio para no interrumpir sus actividades regulares.<\/p>\n<p>A tal fin los alumnos podr\u00e1n comunicarse con sus profesores para coordinar d\u00edas y horarios de las clases que se dar\u00e1n durante el verano.<\/p>\n<p><em><strong><span style=\"color: #888888;\">Fuente: ClubAIndependiente.com<\/span><\/strong><\/em><\/p>\n","protected":false},"excerpt":{"rendered":"<p>El lunes 17 de diciembre se realizar\u00e1 la reapertura de la pileta del Estadio Libertadores de Am\u00e9rica, que este verano contar\u00e1 con la actividad de Saltos Ornamentales. El horario de la pileta ser\u00e1 de 10 a 20 hs. Adem\u00e1s, el Departamento de Educaci\u00f3n F\u00edsica informa que las clases de nataci\u00f3n tendr\u00e1n continuidad durante la temporada [&hellip;]<\/p>\n","protected":false},"author":1,"featured_media":0,"comment_status":"open","ping_status":"open","sticky":false,"template":"","format":"standard","meta":{"_links_to":"","_links_to_target":""},"categories":[4,1],"tags":[153,247,173],"_links":{"self":[{"href":"https:\/\/www.locoxelrojo.com\/independiente\/wp-json\/wp\/v2\/posts\/25571"}],"collection":[{"href":"https:\/\/www.locoxelrojo.com\/independiente\/wp-json\/wp\/v2\/posts"}],"about":[{"href":"https:\/\/www.locoxelrojo.com\/independiente\/wp-json\/wp\/v2\/types\/post"}],"author":[{"embeddable":true,"href":"https:\/\/www.locoxelrojo.com\/independiente\/wp-json\/wp\/v2\/users\/1"}],"replies":[{"embeddable":true,"href":"https:\/\/www.locoxelrojo.com\/independiente\/wp-json\/wp\/v2\/comments?post=25571"}],"version-history":[{"count":0,"href":"https:\/\/www.locoxelrojo.com\/independiente\/wp-json\/wp\/v2\/posts\/25571\/revisions"}],"wp:attachment":[{"href":"https:\/\/www.locoxelrojo.com\/independiente\/wp-json\/wp\/v2\/media?parent=25571"}],"wp:term":[{"taxonomy":"category","embeddable":true,"href":"https:\/\/www.locoxelrojo.com\/independiente\/wp-json\/wp\/v2\/categories?post=25571"},{"taxonomy":"post_tag","embeddable":true,"href":"https:\/\/www.locoxelrojo.com\/independiente\/wp-json\/wp\/v2\/tags?post=25571"}],"curies":[{"name":"wp","href":"https:\/\/api.w.org\/{rel}","templated":true}]}}