{"id":25583,"date":"2012-12-13T18:01:52","date_gmt":"2012-12-13T21:01:52","guid":{"rendered":"http:\/\/www.locoxelrojo.com.ar\/independiente\/?p=25583"},"modified":"2012-12-13T18:01:52","modified_gmt":"2012-12-13T21:01:52","slug":"%c2%bfvenis-vos-rolfi","status":"publish","type":"post","link":"https:\/\/www.locoxelrojo.com\/independiente\/2012\/12\/13\/%c2%bfvenis-vos-rolfi\/","title":{"rendered":"\u00bfVen\u00eds vos Rolfi?"},"content":{"rendered":"<p><a href=\"http:\/\/www.locoxelrojo.com.ar\/independiente\/wp-content\/uploads\/2012\/12\/rolfi-volves.jpg\"><img loading=\"lazy\" class=\"alignnone size-full wp-image-25584\" title=\"rolfi-volves\" src=\"http:\/\/www.locoxelrojo.com.ar\/independiente\/wp-content\/uploads\/2012\/12\/rolfi-volves.jpg\" alt=\"\" width=\"590\" height=\"315\" srcset=\"https:\/\/locoxelrojo.com\/independiente\/wp-content\/uploads\/2012\/12\/rolfi-volves.jpg 590w, https:\/\/locoxelrojo.com\/independiente\/wp-content\/uploads\/2012\/12\/rolfi-volves-300x160.jpg 300w\" sizes=\"(max-width: 590px) 100vw, 590px\" \/><\/a><\/p>\n<p><strong>Daniel Montenegro llegar\u00e1 en las pr\u00f3ximas horas al pa\u00eds, con el pase en su poder y tendr\u00e1 una reuni\u00f3n con Am\u00e9rico Rub\u00e9n Gallego, para interiorizarse sobre la situaci\u00f3n del plantel y las cuestiones futbol\u00edsticas de Independiente. <\/strong><\/p>\n<p>El entrenador ya tuvo <a href=\"http:\/\/www.locoxelrojo.com.ar\/independiente\/2012\/12\/10\/montenegro-no-hable-con-ningun-dirigente\/\">dos charlas telef\u00f3nicas con el Rolfi<\/a>, pero se deben un encuentro cara a cara: <strong>&#8220;Le dije que es mejor hacerlo personalmente. Uno tiene que estar informado de todo. Soy una persona frontal&#8221;<\/strong>, manifest\u00f3 d\u00edas atr\u00e1s en Planeta Independiente por radio La Red.<\/p>\n<p>Anoche, en reuni\u00f3n de Comisi\u00f3n Directiva se trat\u00f3 el tema de la llegada de Montenegro.<strong> La mayor\u00eda de los dirigentes dieron su negativa, pero en caso de no haber otra alternativa para ese puesto y si los n\u00fameros cierran, se podr\u00eda intentar traelo.<\/strong> De la misma no participaron Javier Cantero ni Rub\u00e9n V\u00e1zquez.<\/p>\n<p>Gallego es quien mete presi\u00f3n para que Montenegro vuelva a vestir la camista de Independiente. Al Rolfi lo seduce regresar por cuarta vez al club, a pesar de tener otras ofertas en el pa\u00eds y del f\u00fatbol brasilero.<\/p>\n<p>Esta tarde en el programa Indirecto, el Presidente de Independiente dej\u00f3 una puerta abierta: <strong>&#8220;El Rolfi es un jugador que quiere mucho la gente, ya estuvo tres veces en el club y siempre rindi\u00f3. Est\u00e1 llegando al pa\u00eds y creo que ma\u00f1ana se juntan con Gallego. No est\u00e1 descartado, pero hay que esperar&#8221;<\/strong>.<\/p>\n<p>\u00bfSer\u00e1 el Rolfi Montenegro el primer refuerzo?<\/p>\n","protected":false},"excerpt":{"rendered":"<p>Daniel Montenegro llegar\u00e1 en las pr\u00f3ximas horas al pa\u00eds, con el pase en su poder y tendr\u00e1 una reuni\u00f3n con Am\u00e9rico Rub\u00e9n Gallego, para interiorizarse sobre la situaci\u00f3n del plantel y las cuestiones futbol\u00edsticas de Independiente. El entrenador ya tuvo dos charlas telef\u00f3nicas con el Rolfi, pero se deben un encuentro cara a cara: &#8220;Le [&hellip;]<\/p>\n","protected":false},"author":1,"featured_media":0,"comment_status":"open","ping_status":"open","sticky":false,"template":"","format":"standard","meta":{"_links_to":"","_links_to_target":""},"categories":[3,1],"tags":[634,153,1859,173,723,35],"_links":{"self":[{"href":"https:\/\/www.locoxelrojo.com\/independiente\/wp-json\/wp\/v2\/posts\/25583"}],"collection":[{"href":"https:\/\/www.locoxelrojo.com\/independiente\/wp-json\/wp\/v2\/posts"}],"about":[{"href":"https:\/\/www.locoxelrojo.com\/independiente\/wp-json\/wp\/v2\/types\/post"}],"author":[{"embeddable":true,"href":"https:\/\/www.locoxelrojo.com\/independiente\/wp-json\/wp\/v2\/users\/1"}],"replies":[{"embeddable":true,"href":"https:\/\/www.locoxelrojo.com\/independiente\/wp-json\/wp\/v2\/comments?post=25583"}],"version-history":[{"count":0,"href":"https:\/\/www.locoxelrojo.com\/independiente\/wp-json\/wp\/v2\/posts\/25583\/revisions"}],"wp:attachment":[{"href":"https:\/\/www.locoxelrojo.com\/independiente\/wp-json\/wp\/v2\/media?parent=25583"}],"wp:term":[{"taxonomy":"category","embeddable":true,"href":"https:\/\/www.locoxelrojo.com\/independiente\/wp-json\/wp\/v2\/categories?post=25583"},{"taxonomy":"post_tag","embeddable":true,"href":"https:\/\/www.locoxelrojo.com\/independiente\/wp-json\/wp\/v2\/tags?post=25583"}],"curies":[{"name":"wp","href":"https:\/\/api.w.org\/{rel}","templated":true}]}}