{"id":25677,"date":"2012-12-17T16:06:04","date_gmt":"2012-12-17T19:06:04","guid":{"rendered":"http:\/\/www.locoxelrojo.com.ar\/independiente\/?p=25677"},"modified":"2012-12-17T17:05:30","modified_gmt":"2012-12-17T20:05:30","slug":"avellaneda-empapelada","status":"publish","type":"post","link":"https:\/\/www.locoxelrojo.com\/independiente\/2012\/12\/17\/avellaneda-empapelada\/","title":{"rendered":"Avellaneda empapelada"},"content":{"rendered":"<p><a href=\"http:\/\/www.locoxelrojo.com.ar\/independiente\/wp-content\/uploads\/2012\/12\/afiches.jpg\"><img loading=\"lazy\" class=\"alignnone size-full wp-image-25679\" title=\"afiches\" src=\"http:\/\/www.locoxelrojo.com.ar\/independiente\/wp-content\/uploads\/2012\/12\/afiches.jpg\" alt=\"\" width=\"590\" height=\"315\" srcset=\"https:\/\/locoxelrojo.com\/independiente\/wp-content\/uploads\/2012\/12\/afiches.jpg 590w, https:\/\/locoxelrojo.com\/independiente\/wp-content\/uploads\/2012\/12\/afiches-300x160.jpg 300w\" sizes=\"(max-width: 590px) 100vw, 590px\" \/><\/a><\/p>\n<p><strong>\u00c9sta ma\u00f1ana, la ciudad de Avellaneda amaneci\u00f3 empapelada con afiches referidos al a\u00f1o de gesti\u00f3n que tuvo la agrupaci\u00f3n Independiente M\u00edstico con Javier Cantero a la cabeza.<\/strong> No es la primera vez que pasa. Meses atr\u00e1s, el apuntado fue el Presidente y al poco tiempo de asumir le toc\u00f3 a uno de los Gerentes, Raffaele Rutigliano.<\/p>\n<p><strong>Ahora todos los ca\u00f1ones apuntan a las \u00faltimas contrataciones, desnudando cifras de contratos que no son ciertas. Tambi\u00e9n hablan del alejamiento de Ernesto Far\u00edas, algo que nunca ocurri\u00f3 y un error en el puesto que ocupa el juvenil Cristian Ort\u00edz . Adem\u00e1s, manifiestan que es el peor a\u00f1o deportivo del club, reflejando el bajo promedio en el f\u00fatbol, sumado a los descensos en b\u00e1squet y f\u00fatsal.<\/strong><\/p>\n<p>El afiche cierra con la siguiente frase: <strong>&#8220;Nos est\u00e1n llevando a la B, la peor verg\u00fcenza en nuestra historia. Renuncien todos in\u00fatiles&#8221;<\/strong>. En momentos donde se pide unidad, la pol\u00edtica de Independiente no descansa&#8230;<\/p>\n<p><a href=\"http:\/\/www.locoxelrojo.com.ar\/independiente\/wp-content\/uploads\/2012\/12\/Afiche.jpg\"><img loading=\"lazy\" class=\"alignnone size-full wp-image-25678\" title=\"Afiche\" src=\"http:\/\/www.locoxelrojo.com.ar\/independiente\/wp-content\/uploads\/2012\/12\/Afiche.jpg\" alt=\"\" width=\"450\" height=\"600\" srcset=\"https:\/\/locoxelrojo.com\/independiente\/wp-content\/uploads\/2012\/12\/Afiche.jpg 450w, https:\/\/locoxelrojo.com\/independiente\/wp-content\/uploads\/2012\/12\/Afiche-225x300.jpg 225w\" sizes=\"(max-width: 450px) 100vw, 450px\" \/><\/a><\/p>\n<p><em><span style=\"color: #888888;\"><span style=\"text-decoration: underline;\"><strong>Foto: DeLaCunaAlInfierno.com.ar<\/strong><\/span><\/span><\/em><\/p>\n","protected":false},"excerpt":{"rendered":"<p>\u00c9sta ma\u00f1ana, la ciudad de Avellaneda amaneci\u00f3 empapelada con afiches referidos al a\u00f1o de gesti\u00f3n que tuvo la agrupaci\u00f3n Independiente M\u00edstico con Javier Cantero a la cabeza. No es la primera vez que pasa. Meses atr\u00e1s, el apuntado fue el Presidente y al poco tiempo de asumir le toc\u00f3 a uno de los Gerentes, Raffaele [&hellip;]<\/p>\n","protected":false},"author":1,"featured_media":0,"comment_status":"open","ping_status":"open","sticky":false,"template":"","format":"standard","meta":{"_links_to":"","_links_to_target":""},"categories":[4,1],"tags":[1371,153,173,761],"_links":{"self":[{"href":"https:\/\/www.locoxelrojo.com\/independiente\/wp-json\/wp\/v2\/posts\/25677"}],"collection":[{"href":"https:\/\/www.locoxelrojo.com\/independiente\/wp-json\/wp\/v2\/posts"}],"about":[{"href":"https:\/\/www.locoxelrojo.com\/independiente\/wp-json\/wp\/v2\/types\/post"}],"author":[{"embeddable":true,"href":"https:\/\/www.locoxelrojo.com\/independiente\/wp-json\/wp\/v2\/users\/1"}],"replies":[{"embeddable":true,"href":"https:\/\/www.locoxelrojo.com\/independiente\/wp-json\/wp\/v2\/comments?post=25677"}],"version-history":[{"count":0,"href":"https:\/\/www.locoxelrojo.com\/independiente\/wp-json\/wp\/v2\/posts\/25677\/revisions"}],"wp:attachment":[{"href":"https:\/\/www.locoxelrojo.com\/independiente\/wp-json\/wp\/v2\/media?parent=25677"}],"wp:term":[{"taxonomy":"category","embeddable":true,"href":"https:\/\/www.locoxelrojo.com\/independiente\/wp-json\/wp\/v2\/categories?post=25677"},{"taxonomy":"post_tag","embeddable":true,"href":"https:\/\/www.locoxelrojo.com\/independiente\/wp-json\/wp\/v2\/tags?post=25677"}],"curies":[{"name":"wp","href":"https:\/\/api.w.org\/{rel}","templated":true}]}}