{"id":25681,"date":"2012-12-17T16:44:39","date_gmt":"2012-12-17T19:44:39","guid":{"rendered":"http:\/\/www.locoxelrojo.com.ar\/independiente\/?p=25681"},"modified":"2012-12-17T17:08:10","modified_gmt":"2012-12-17T20:08:10","slug":"leo-rodriguez-tuzzio-tiene-contrato-con-independiente-y-va-a-cumplirlo","status":"publish","type":"post","link":"https:\/\/www.locoxelrojo.com\/independiente\/2012\/12\/17\/leo-rodriguez-tuzzio-tiene-contrato-con-independiente-y-va-a-cumplirlo\/","title":{"rendered":"Leo Rodr\u00edguez: &#8220;Tuzzio tiene contrato con Independiente y va a cumplirlo&#8221;"},"content":{"rendered":"<p><a href=\"http:\/\/www.locoxelrojo.com.ar\/independiente\/wp-content\/uploads\/2012\/12\/tuzzio-leorodriguez.jpg\"><img loading=\"lazy\" class=\"alignnone size-full wp-image-25682\" title=\"tuzzio-leorodriguez\" src=\"http:\/\/www.locoxelrojo.com.ar\/independiente\/wp-content\/uploads\/2012\/12\/tuzzio-leorodriguez.jpg\" alt=\"\" width=\"590\" height=\"315\" srcset=\"https:\/\/locoxelrojo.com\/independiente\/wp-content\/uploads\/2012\/12\/tuzzio-leorodriguez.jpg 590w, https:\/\/locoxelrojo.com\/independiente\/wp-content\/uploads\/2012\/12\/tuzzio-leorodriguez-300x160.jpg 300w\" sizes=\"(max-width: 590px) 100vw, 590px\" \/><\/a><\/p>\n<p><strong>Leonardo Rodr\u00edguez, representante de Eduardo Tuzzio, afirm\u00f3 que el jugador seguir\u00e1 ligado a Independiente y va a respetar su contrato<\/strong>. Adem\u00e1s, asegur\u00f3 que las ausencias del defensor en el primer equipo se tratan s\u00f3lo de cuestiones futbol\u00edsticas y que no hay nada extradeportivo en el medio.<\/p>\n<p><strong>&#8220;Tuzzio tiene contrato con Independiente y va a cumplirlo&#8221;<\/strong>, dijo Leonardo Rodr\u00edguez en el programa Niembro en Acci\u00f3n. <strong>&#8220;No hay nada extradeportivo en el medio&#8221;<\/strong>, agreg\u00f3 quien maneja la carrera del defensor, entre otros jugadores el plantel profesional.<\/p>\n<p><strong>El central solamente estuvo presente en las primeras cinco fechas del Torneo Inicial 2012.<\/strong> El \u00fanico encuentro del que particip\u00f3 en la era Gallego, fue en el debut frente a Godoy Cruz y jug\u00f3 los 90 minutos.<\/p>\n<p><strong>450 minutos en cancha, 2 empates y 3 derrotas, son los n\u00fameros de Tuzzio en este campeonato. Adem\u00e1s, se sent\u00f3 en el banco de suplentes en las jornadas 15 y 16 con Belgrano y Estudiantes<\/strong>. Muy poco para ser uno de los contratos m\u00e1s elevados del equipo.<\/p>\n<p>Los rumores indican que Eduardo Tuzzio no formar\u00e1 parte de la pretemporada en Pilar, pero para eso hay que esperar a la confirmaci\u00f3n oficial de Am\u00e9rico Rub\u00e9n Gallego, el d\u00eda 3 de enero, cuando los jugadores vuelvan de las vacaciones.<\/p>\n","protected":false},"excerpt":{"rendered":"<p>Leonardo Rodr\u00edguez, representante de Eduardo Tuzzio, afirm\u00f3 que el jugador seguir\u00e1 ligado a Independiente y va a respetar su contrato. Adem\u00e1s, asegur\u00f3 que las ausencias del defensor en el primer equipo se tratan s\u00f3lo de cuestiones futbol\u00edsticas y que no hay nada extradeportivo en el medio. &#8220;Tuzzio tiene contrato con Independiente y va a cumplirlo&#8221;, [&hellip;]<\/p>\n","protected":false},"author":1,"featured_media":0,"comment_status":"open","ping_status":"open","sticky":false,"template":"","format":"standard","meta":{"_links_to":"","_links_to_target":""},"categories":[3,1],"tags":[153,135,173,879],"_links":{"self":[{"href":"https:\/\/www.locoxelrojo.com\/independiente\/wp-json\/wp\/v2\/posts\/25681"}],"collection":[{"href":"https:\/\/www.locoxelrojo.com\/independiente\/wp-json\/wp\/v2\/posts"}],"about":[{"href":"https:\/\/www.locoxelrojo.com\/independiente\/wp-json\/wp\/v2\/types\/post"}],"author":[{"embeddable":true,"href":"https:\/\/www.locoxelrojo.com\/independiente\/wp-json\/wp\/v2\/users\/1"}],"replies":[{"embeddable":true,"href":"https:\/\/www.locoxelrojo.com\/independiente\/wp-json\/wp\/v2\/comments?post=25681"}],"version-history":[{"count":0,"href":"https:\/\/www.locoxelrojo.com\/independiente\/wp-json\/wp\/v2\/posts\/25681\/revisions"}],"wp:attachment":[{"href":"https:\/\/www.locoxelrojo.com\/independiente\/wp-json\/wp\/v2\/media?parent=25681"}],"wp:term":[{"taxonomy":"category","embeddable":true,"href":"https:\/\/www.locoxelrojo.com\/independiente\/wp-json\/wp\/v2\/categories?post=25681"},{"taxonomy":"post_tag","embeddable":true,"href":"https:\/\/www.locoxelrojo.com\/independiente\/wp-json\/wp\/v2\/tags?post=25681"}],"curies":[{"name":"wp","href":"https:\/\/api.w.org\/{rel}","templated":true}]}}