{"id":25710,"date":"2012-12-17T22:00:37","date_gmt":"2012-12-18T01:00:37","guid":{"rendered":"http:\/\/www.locoxelrojo.com.ar\/independiente\/?p=25710"},"modified":"2012-12-18T01:39:35","modified_gmt":"2012-12-18T04:39:35","slug":"larralde-zapata-esta-en-los-planes-deportivos-del-club","status":"publish","type":"post","link":"https:\/\/www.locoxelrojo.com\/independiente\/2012\/12\/17\/larralde-zapata-esta-en-los-planes-deportivos-del-club\/","title":{"rendered":"Larralde: &#8220;Zapata est\u00e1 en los planes deportivos del club&#8221;"},"content":{"rendered":"<p><a href=\"http:\/\/www.locoxelrojo.com.ar\/independiente\/wp-content\/uploads\/2012\/12\/Larralde-3.jpg\"><img loading=\"lazy\" class=\"alignnone size-full wp-image-25711\" title=\"Larralde 3\" src=\"http:\/\/www.locoxelrojo.com.ar\/independiente\/wp-content\/uploads\/2012\/12\/Larralde-3.jpg\" alt=\"\" width=\"590\" height=\"315\" srcset=\"https:\/\/locoxelrojo.com\/independiente\/wp-content\/uploads\/2012\/12\/Larralde-3.jpg 590w, https:\/\/locoxelrojo.com\/independiente\/wp-content\/uploads\/2012\/12\/Larralde-3-300x160.jpg 300w\" sizes=\"(max-width: 590px) 100vw, 590px\" \/><\/a><\/p>\n<p>Pedro Larralde asegur\u00f3 que <strong>&#8220;V\u00edctor Zapata est\u00e1 en los planes deportivos de Independiente&#8221;, a pesar de que Am\u00e9rico Gallego no lo cit\u00f3 a la pretemporada. Por otro lado, habl\u00f3 de la casi definida incorporaci\u00f3n de Daniel Montenegro y dese\u00f3 llegar a junio con los objetivos cumplidos.<\/strong><\/p>\n<p>La relaci\u00f3n entre Zapata y Gallego est\u00e1 rota desde el d\u00eda que el entrenador decidi\u00f3 no concentrar al Chapa para el encuentro ante River. <strong>Cuando parec\u00eda haber retorno, el ex V\u00e9lez decidi\u00f3 irse de la concentraci\u00f3n previa al partido con San Lorenzo.<\/strong> Ese fue el punto final de la relaci\u00f3n. <strong>Ahora, se dio a conocer que el Tolo no lo cit\u00f3 para la pretemporada, aunque el jugador quiere seguir. De todas formas, Pedro Larralde asever\u00f3 en di\u00e1logo con M\u00e1s Rojo Radio que &#8220;est\u00e1 en los planes deportivos del club&#8221;.<\/strong><\/p>\n<p>Por otro lado se refiri\u00f3 al rubro refuerzos para tocar dos nombres, Daniel Montenegro y Lucas Viatri.<strong> &#8220;Hubo una reuni\u00f3n por el Rolfi y se avanz\u00f3, pero hasta que el jugador no firme hay que ser cautos. La idea de traer a Viatri comenz\u00f3 ante la duda de la continuidad o no de Far\u00edas&#8221;<\/strong>, expres\u00f3.<\/p>\n<p>Finalmente dese\u00f3 que Independiente supere esta situaci\u00f3n y pueda festejar en junio del 2013. <strong>&#8220;Esperemos que a fines de junio estemos todos contentos y con los objetivos cumplidos&#8221;<\/strong>, cerr\u00f3.<\/p>\n","protected":false},"excerpt":{"rendered":"<p>Pedro Larralde asegur\u00f3 que &#8220;V\u00edctor Zapata est\u00e1 en los planes deportivos de Independiente&#8221;, a pesar de que Am\u00e9rico Gallego no lo cit\u00f3 a la pretemporada. Por otro lado, habl\u00f3 de la casi definida incorporaci\u00f3n de Daniel Montenegro y dese\u00f3 llegar a junio con los objetivos cumplidos. La relaci\u00f3n entre Zapata y Gallego est\u00e1 rota desde [&hellip;]<\/p>\n","protected":false},"author":11,"featured_media":0,"comment_status":"open","ping_status":"open","sticky":false,"template":"","format":"standard","meta":{"_links_to":"","_links_to_target":""},"categories":[4,1],"tags":[153,173,1177,1571],"_links":{"self":[{"href":"https:\/\/www.locoxelrojo.com\/independiente\/wp-json\/wp\/v2\/posts\/25710"}],"collection":[{"href":"https:\/\/www.locoxelrojo.com\/independiente\/wp-json\/wp\/v2\/posts"}],"about":[{"href":"https:\/\/www.locoxelrojo.com\/independiente\/wp-json\/wp\/v2\/types\/post"}],"author":[{"embeddable":true,"href":"https:\/\/www.locoxelrojo.com\/independiente\/wp-json\/wp\/v2\/users\/11"}],"replies":[{"embeddable":true,"href":"https:\/\/www.locoxelrojo.com\/independiente\/wp-json\/wp\/v2\/comments?post=25710"}],"version-history":[{"count":0,"href":"https:\/\/www.locoxelrojo.com\/independiente\/wp-json\/wp\/v2\/posts\/25710\/revisions"}],"wp:attachment":[{"href":"https:\/\/www.locoxelrojo.com\/independiente\/wp-json\/wp\/v2\/media?parent=25710"}],"wp:term":[{"taxonomy":"category","embeddable":true,"href":"https:\/\/www.locoxelrojo.com\/independiente\/wp-json\/wp\/v2\/categories?post=25710"},{"taxonomy":"post_tag","embeddable":true,"href":"https:\/\/www.locoxelrojo.com\/independiente\/wp-json\/wp\/v2\/tags?post=25710"}],"curies":[{"name":"wp","href":"https:\/\/api.w.org\/{rel}","templated":true}]}}