{"id":26060,"date":"2013-01-03T22:49:24","date_gmt":"2013-01-04T01:49:24","guid":{"rendered":"http:\/\/www.locoxelrojo.com.ar\/independiente\/?p=26060"},"modified":"2013-01-04T05:16:21","modified_gmt":"2013-01-04T08:16:21","slug":"%c2%bfpor-que-sigue-tuzzio","status":"publish","type":"post","link":"https:\/\/www.locoxelrojo.com\/independiente\/2013\/01\/03\/%c2%bfpor-que-sigue-tuzzio\/","title":{"rendered":"\u00bfPor qu\u00e9 sigue Tuzzio?"},"content":{"rendered":"<p><a href=\"http:\/\/www.locoxelrojo.com.ar\/independiente\/wp-content\/uploads\/2013\/01\/Eduardo_Tuzzio.jpg\"><img loading=\"lazy\" class=\"alignnone size-full wp-image-26063\" title=\"Eduardo_Tuzzio\" src=\"http:\/\/www.locoxelrojo.com.ar\/independiente\/wp-content\/uploads\/2013\/01\/Eduardo_Tuzzio.jpg\" alt=\"\" width=\"590\" height=\"315\" srcset=\"https:\/\/locoxelrojo.com\/independiente\/wp-content\/uploads\/2013\/01\/Eduardo_Tuzzio.jpg 590w, https:\/\/locoxelrojo.com\/independiente\/wp-content\/uploads\/2013\/01\/Eduardo_Tuzzio-300x160.jpg 300w\" sizes=\"(max-width: 590px) 100vw, 590px\" \/><\/a><\/p>\n<p>&#8220;Tenerlo a Tuzzio aqu\u00ed es una alegr\u00eda. Es un gran profesional&#8221;, desliz\u00f3 en la noche del jueves Enrique Borrelli. Se rumoreaba que el defensor iba a ser desafectado de la pretemporada por Gallego, pero \u00bfPor qu\u00e9 sigui\u00f3?<\/p>\n<p>En la previa del primer entrenamiento de 2013, el referente del plantel Ernesto Far\u00edas, junto con Daniel Montenegro en su cuarto regreso al club, se reunieron con Gallego para pedirle por la continuidad del ex capit\u00e1n. El Tolo pidi\u00f3 a los jugadores que el defensor se acerque para dialogar.<\/p>\n<p>\u00bfLos motivos? Durante el Inicial, Tuzzio le hab\u00eda manifestado a Gallego que no jugar\u00eda como lateral, porque no se sent\u00eda c\u00f3modo y el Tolo lo ve\u00eda como titular en dicha posici\u00f3n disconforme con Gabriel Vall\u00e9s y Cristian Tula. Far\u00edas y Montenegro le comunicaron el petitorio de charla a Tuzzio y este, ante la inminente salida, se puso a disposici\u00f3n.<\/p>\n<p>Eduardo Nicol\u00e1s Tuzzio suma 105 partidos en Independiente en donde marc\u00f3 4 goles. Por torneos internacionales disput\u00f3 24 partidos y marc\u00f3 un gol. Adem\u00e1s convirti\u00f3 el \u00faltimo penal que signific\u00f3 la Copa Sudamericana 2010.<\/p>\n","protected":false},"excerpt":{"rendered":"<p>&#8220;Tenerlo a Tuzzio aqu\u00ed es una alegr\u00eda. Es un gran profesional&#8221;, desliz\u00f3 en la noche del jueves Enrique Borrelli. Se rumoreaba que el defensor iba a ser desafectado de la pretemporada por Gallego, pero \u00bfPor qu\u00e9 sigui\u00f3? En la previa del primer entrenamiento de 2013, el referente del plantel Ernesto Far\u00edas, junto con Daniel Montenegro [&hellip;]<\/p>\n","protected":false},"author":1,"featured_media":0,"comment_status":"open","ping_status":"open","sticky":false,"template":"","format":"standard","meta":{"_links_to":"","_links_to_target":""},"categories":[3,1],"tags":[634,153,135,173],"_links":{"self":[{"href":"https:\/\/www.locoxelrojo.com\/independiente\/wp-json\/wp\/v2\/posts\/26060"}],"collection":[{"href":"https:\/\/www.locoxelrojo.com\/independiente\/wp-json\/wp\/v2\/posts"}],"about":[{"href":"https:\/\/www.locoxelrojo.com\/independiente\/wp-json\/wp\/v2\/types\/post"}],"author":[{"embeddable":true,"href":"https:\/\/www.locoxelrojo.com\/independiente\/wp-json\/wp\/v2\/users\/1"}],"replies":[{"embeddable":true,"href":"https:\/\/www.locoxelrojo.com\/independiente\/wp-json\/wp\/v2\/comments?post=26060"}],"version-history":[{"count":0,"href":"https:\/\/www.locoxelrojo.com\/independiente\/wp-json\/wp\/v2\/posts\/26060\/revisions"}],"wp:attachment":[{"href":"https:\/\/www.locoxelrojo.com\/independiente\/wp-json\/wp\/v2\/media?parent=26060"}],"wp:term":[{"taxonomy":"category","embeddable":true,"href":"https:\/\/www.locoxelrojo.com\/independiente\/wp-json\/wp\/v2\/categories?post=26060"},{"taxonomy":"post_tag","embeddable":true,"href":"https:\/\/www.locoxelrojo.com\/independiente\/wp-json\/wp\/v2\/tags?post=26060"}],"curies":[{"name":"wp","href":"https:\/\/api.w.org\/{rel}","templated":true}]}}