{"id":26122,"date":"2013-01-05T21:56:49","date_gmt":"2013-01-06T00:56:49","guid":{"rendered":"http:\/\/www.locoxelrojo.com.ar\/independiente\/?p=26122"},"modified":"2013-01-05T22:32:15","modified_gmt":"2013-01-06T01:32:15","slug":"bertoni-tengo-dudas-con-la-defensa","status":"publish","type":"post","link":"https:\/\/www.locoxelrojo.com\/independiente\/2013\/01\/05\/bertoni-tengo-dudas-con-la-defensa\/","title":{"rendered":"Bertoni: &#8220;Tengo dudas con la defensa&#8221;"},"content":{"rendered":"<p><a href=\"http:\/\/www.locoxelrojo.com.ar\/independiente\/wp-content\/uploads\/2013\/01\/Bertoni_MUFA1.jpg\"><img loading=\"lazy\" class=\"alignnone size-full wp-image-26126\" title=\"Bertoni_MUFA\" src=\"http:\/\/www.locoxelrojo.com.ar\/independiente\/wp-content\/uploads\/2013\/01\/Bertoni_MUFA1.jpg\" alt=\"\" width=\"590\" height=\"315\" srcset=\"https:\/\/locoxelrojo.com\/independiente\/wp-content\/uploads\/2013\/01\/Bertoni_MUFA1.jpg 590w, https:\/\/locoxelrojo.com\/independiente\/wp-content\/uploads\/2013\/01\/Bertoni_MUFA1-300x160.jpg 300w\" sizes=\"(max-width: 590px) 100vw, 590px\" \/><\/a><\/p>\n<p><strong>Daniel Bertoni <\/strong>volvi\u00f3 a la carga sobre el presente de Independiente. &#8220;Esto se vive con mucha angustia&#8221;, asegur\u00f3 en di\u00e1logo con Planeta Independiente en la tarde del s\u00e1bado. Luego, agreg\u00f3: &#8220;<strong>Tengo dudas con la defensa.&#8221; <\/strong>Adem\u00e1s, volvi\u00f3 a reclamar por el media punta de Quilmes, Mart\u00edn Cauteruccio: <strong>&#8220;Les dije que lo vayan a ver cuando todav\u00eda estaba en la B&#8221;.<\/strong><\/p>\n<p>La gloria Roja critic\u00f3 a la actual subcomisi\u00f3n de f\u00fatbol. <strong>&#8220;Independiente necesita una reestructuraci\u00f3n general&#8221;<\/strong>, advirti\u00f3. Desde su punto de vista, <strong>&#8220;Cantero debe delegar m\u00e1s porque solo no puede<\/strong>&#8220;. Consultado por el plantel, opin\u00f3: <strong>\u201cTengo dudas con la defensa y no s\u00e9 como ser\u00e1 el medio. Arriba con el Rolfi esperemos tener m\u00e1s juego\u201d<\/strong>.<\/p>\n<p>Por \u00faltimo, destac\u00f3 a Monserrat aludiendo que es m\u00e1s profundo que Santana, pero necesita continuidad y cont\u00f3 que un grupo inversor le pregunt\u00f3 por Juli\u00e1n Vel\u00e1zquez.<strong> \u201cNo tenemos laterales que lleguen, habr\u00eda que armar una l\u00ednea de 4 bien parada y que s\u00f3lo defienda\u201d<\/strong>, cerr\u00f3.<\/p>\n","protected":false},"excerpt":{"rendered":"<p>Daniel Bertoni volvi\u00f3 a la carga sobre el presente de Independiente. &#8220;Esto se vive con mucha angustia&#8221;, asegur\u00f3 en di\u00e1logo con Planeta Independiente en la tarde del s\u00e1bado. Luego, agreg\u00f3: &#8220;Tengo dudas con la defensa.&#8221; Adem\u00e1s, volvi\u00f3 a reclamar por el media punta de Quilmes, Mart\u00edn Cauteruccio: &#8220;Les dije que lo vayan a ver cuando [&hellip;]<\/p>\n","protected":false},"author":1,"featured_media":0,"comment_status":"open","ping_status":"open","sticky":false,"template":"","format":"standard","meta":{"_links_to":"","_links_to_target":""},"categories":[3,1],"tags":[153,530,984,173,1891],"_links":{"self":[{"href":"https:\/\/www.locoxelrojo.com\/independiente\/wp-json\/wp\/v2\/posts\/26122"}],"collection":[{"href":"https:\/\/www.locoxelrojo.com\/independiente\/wp-json\/wp\/v2\/posts"}],"about":[{"href":"https:\/\/www.locoxelrojo.com\/independiente\/wp-json\/wp\/v2\/types\/post"}],"author":[{"embeddable":true,"href":"https:\/\/www.locoxelrojo.com\/independiente\/wp-json\/wp\/v2\/users\/1"}],"replies":[{"embeddable":true,"href":"https:\/\/www.locoxelrojo.com\/independiente\/wp-json\/wp\/v2\/comments?post=26122"}],"version-history":[{"count":0,"href":"https:\/\/www.locoxelrojo.com\/independiente\/wp-json\/wp\/v2\/posts\/26122\/revisions"}],"wp:attachment":[{"href":"https:\/\/www.locoxelrojo.com\/independiente\/wp-json\/wp\/v2\/media?parent=26122"}],"wp:term":[{"taxonomy":"category","embeddable":true,"href":"https:\/\/www.locoxelrojo.com\/independiente\/wp-json\/wp\/v2\/categories?post=26122"},{"taxonomy":"post_tag","embeddable":true,"href":"https:\/\/www.locoxelrojo.com\/independiente\/wp-json\/wp\/v2\/tags?post=26122"}],"curies":[{"name":"wp","href":"https:\/\/api.w.org\/{rel}","templated":true}]}}