{"id":26130,"date":"2013-01-06T21:00:02","date_gmt":"2013-01-07T00:00:02","guid":{"rendered":"http:\/\/www.locoxelrojo.com.ar\/independiente\/?p=26130"},"modified":"2013-01-07T06:41:40","modified_gmt":"2013-01-07T09:41:40","slug":"tarde-libre-en-pilar","status":"publish","type":"post","link":"https:\/\/www.locoxelrojo.com\/independiente\/2013\/01\/06\/tarde-libre-en-pilar\/","title":{"rendered":"Tarde libre en Pilar"},"content":{"rendered":"<p><a href=\"http:\/\/www.locoxelrojo.com.ar\/independiente\/wp-content\/uploads\/2013\/01\/Entrenamiento-3.jpg\"><img loading=\"lazy\" class=\"alignnone size-full wp-image-26132\" title=\"Entrenamiento 3\" src=\"http:\/\/www.locoxelrojo.com.ar\/independiente\/wp-content\/uploads\/2013\/01\/Entrenamiento-3.jpg\" alt=\"\" width=\"590\" height=\"315\" srcset=\"https:\/\/locoxelrojo.com\/independiente\/wp-content\/uploads\/2013\/01\/Entrenamiento-3.jpg 590w, https:\/\/locoxelrojo.com\/independiente\/wp-content\/uploads\/2013\/01\/Entrenamiento-3-300x160.jpg 300w\" sizes=\"(max-width: 590px) 100vw, 590px\" \/><\/a><\/p>\n<p><strong>Tras cuatro d\u00edas de pretemporada, Am\u00e9rico Gallego decidi\u00f3 darle la tarde libre al plantel de Independiente como premio a la predisposici\u00f3n demostrada. Ma\u00f1ana vuelven a apretar el acelerador.<\/strong><\/p>\n<p>Empieza a pasar el tiempo y la preparaci\u00f3n se pone cada vez m\u00e1s dura. El entrenador est\u00e1 conforme con el trabajo realizado por sus dirigidos y por eso decidi\u00f3 que en la tarde del domingo descansen. <strong>Los jugadores disfrutaron de una tarde en la pileta en la calurosa tarde de Pilar.<\/strong><\/p>\n<p>Ma\u00f1ana por la ma\u00f1ana vuelven todos a la carga. <strong>Habr\u00e1 triple turno otra vez<\/strong>, aunque Gallego no s\u00f3lo tendr\u00e1 la cabeza en el entrenamiento. <strong>El Tolo sabe que ma\u00f1ana es un d\u00eda clave por la posible llegada de Mart\u00edn Cauteruccio y espera que se resuelva para bien.<\/strong><\/p>\n","protected":false},"excerpt":{"rendered":"<p>Tras cuatro d\u00edas de pretemporada, Am\u00e9rico Gallego decidi\u00f3 darle la tarde libre al plantel de Independiente como premio a la predisposici\u00f3n demostrada. Ma\u00f1ana vuelven a apretar el acelerador. Empieza a pasar el tiempo y la preparaci\u00f3n se pone cada vez m\u00e1s dura. El entrenador est\u00e1 conforme con el trabajo realizado por sus dirigidos y por [&hellip;]<\/p>\n","protected":false},"author":11,"featured_media":0,"comment_status":"open","ping_status":"open","sticky":false,"template":"","format":"standard","meta":{"_links_to":"","_links_to_target":""},"categories":[3,1],"tags":[1837,153,173,1891],"_links":{"self":[{"href":"https:\/\/www.locoxelrojo.com\/independiente\/wp-json\/wp\/v2\/posts\/26130"}],"collection":[{"href":"https:\/\/www.locoxelrojo.com\/independiente\/wp-json\/wp\/v2\/posts"}],"about":[{"href":"https:\/\/www.locoxelrojo.com\/independiente\/wp-json\/wp\/v2\/types\/post"}],"author":[{"embeddable":true,"href":"https:\/\/www.locoxelrojo.com\/independiente\/wp-json\/wp\/v2\/users\/11"}],"replies":[{"embeddable":true,"href":"https:\/\/www.locoxelrojo.com\/independiente\/wp-json\/wp\/v2\/comments?post=26130"}],"version-history":[{"count":0,"href":"https:\/\/www.locoxelrojo.com\/independiente\/wp-json\/wp\/v2\/posts\/26130\/revisions"}],"wp:attachment":[{"href":"https:\/\/www.locoxelrojo.com\/independiente\/wp-json\/wp\/v2\/media?parent=26130"}],"wp:term":[{"taxonomy":"category","embeddable":true,"href":"https:\/\/www.locoxelrojo.com\/independiente\/wp-json\/wp\/v2\/categories?post=26130"},{"taxonomy":"post_tag","embeddable":true,"href":"https:\/\/www.locoxelrojo.com\/independiente\/wp-json\/wp\/v2\/tags?post=26130"}],"curies":[{"name":"wp","href":"https:\/\/api.w.org\/{rel}","templated":true}]}}