{"id":26699,"date":"2013-01-25T17:22:55","date_gmt":"2013-01-25T20:22:55","guid":{"rendered":"http:\/\/www.locoxelrojo.com.ar\/independiente\/?p=26699"},"modified":"2013-01-25T20:50:29","modified_gmt":"2013-01-25T23:50:29","slug":"cauteruccio-soy-feliz-en-quilmes","status":"publish","type":"post","link":"https:\/\/www.locoxelrojo.com\/independiente\/2013\/01\/25\/cauteruccio-soy-feliz-en-quilmes\/","title":{"rendered":"Cauteruccio: &#8220;Soy feliz en Quilmes&#8221;"},"content":{"rendered":"<p><a href=\"http:\/\/www.locoxelrojo.com.ar\/independiente\/wp-content\/uploads\/2013\/01\/caute-nota.jpg\"><img loading=\"lazy\" class=\"alignnone size-full wp-image-26700\" title=\"caute-nota\" src=\"http:\/\/www.locoxelrojo.com.ar\/independiente\/wp-content\/uploads\/2013\/01\/caute-nota.jpg\" alt=\"\" width=\"590\" height=\"315\" srcset=\"https:\/\/locoxelrojo.com\/independiente\/wp-content\/uploads\/2013\/01\/caute-nota.jpg 590w, https:\/\/locoxelrojo.com\/independiente\/wp-content\/uploads\/2013\/01\/caute-nota-300x160.jpg 300w\" sizes=\"(max-width: 590px) 100vw, 590px\" \/><\/a><\/p>\n<p><strong>Este mediod\u00eda habl\u00f3 el protagonista de la novela del verano. Mart\u00edn Cauteruccio rompi\u00f3 el silencio y manifest\u00f3 sus deseos de seguir en Quilmes.<\/strong> El delantero explic\u00f3 que siempre se mantuvo al margen de la negociaci\u00f3n, la cual se termin\u00f3 por decisi\u00f3n de los dirigentes Cerveceros.<\/p>\n<p><strong>&#8220;Estuve tranquilo, esperando. Lo viv\u00ed con mucha tranquilidad. Le dije a mi representante que me quer\u00eda quedar al margen&#8221;<\/strong>, cont\u00f3 Cauteruccio. Ayer por la tarde, <a href=\"http:\/\/www.locoxelrojo.com.ar\/independiente\/2013\/01\/24\/otra-vez-no\/\">Anibal Fern\u00e1ndez<\/a> confirm\u00f3 que el jugador seguir\u00e1 en Quilmes, anunciando el\u00a0 final de una novela que tuvo varios cap\u00edtulos. &#8220;<strong>Yo creo que se dio un corte de parte de la dirigencia. Me pone contento que me quieran tanto, pero estoy c\u00f3modo ac\u00e1&#8221;<\/strong>, dijo.<\/p>\n<p><strong>&#8220;Siempre estuve respaldado por mi familia y supe que si hubiese salido algo era para mejor. Yo estoy feliz ac\u00e1 en Quilmes y siempre voy a estar agradecido a la gente. Dejo todo, para bien o para mal&#8221;<\/strong>, le manifest\u00f3 el delantero a la prensa, desmintiendo cualquier tipo de rumores sobre un malestar por la negativa del pase.<\/p>\n<p>Por \u00faltimo, reiter\u00f3 que su cabeza est\u00e1 en Quilmes y que el club Cervecero lo declar\u00f3 intransferible: <strong>&#8220;Yo no he participado en ninguna negociaci\u00f3n, s\u00ed lo ha hecho mi representante. Soy feliz en Quilmes. No s\u00e9 como ser\u00e1 la negociaci\u00f3n, s\u00e9 que de parte de los dirigentes de Quilmes se termin\u00f3 todo, me declararon intransferible&#8221;<\/strong>.<\/p>\n","protected":false},"excerpt":{"rendered":"<p>Este mediod\u00eda habl\u00f3 el protagonista de la novela del verano. Mart\u00edn Cauteruccio rompi\u00f3 el silencio y manifest\u00f3 sus deseos de seguir en Quilmes. El delantero explic\u00f3 que siempre se mantuvo al margen de la negociaci\u00f3n, la cual se termin\u00f3 por decisi\u00f3n de los dirigentes Cerveceros. &#8220;Estuve tranquilo, esperando. Lo viv\u00ed con mucha tranquilidad. Le dije [&hellip;]<\/p>\n","protected":false},"author":1,"featured_media":0,"comment_status":"open","ping_status":"open","sticky":false,"template":"","format":"standard","meta":{"_links_to":"","_links_to_target":""},"categories":[3,1],"tags":[693,153,173,1891,666],"_links":{"self":[{"href":"https:\/\/www.locoxelrojo.com\/independiente\/wp-json\/wp\/v2\/posts\/26699"}],"collection":[{"href":"https:\/\/www.locoxelrojo.com\/independiente\/wp-json\/wp\/v2\/posts"}],"about":[{"href":"https:\/\/www.locoxelrojo.com\/independiente\/wp-json\/wp\/v2\/types\/post"}],"author":[{"embeddable":true,"href":"https:\/\/www.locoxelrojo.com\/independiente\/wp-json\/wp\/v2\/users\/1"}],"replies":[{"embeddable":true,"href":"https:\/\/www.locoxelrojo.com\/independiente\/wp-json\/wp\/v2\/comments?post=26699"}],"version-history":[{"count":0,"href":"https:\/\/www.locoxelrojo.com\/independiente\/wp-json\/wp\/v2\/posts\/26699\/revisions"}],"wp:attachment":[{"href":"https:\/\/www.locoxelrojo.com\/independiente\/wp-json\/wp\/v2\/media?parent=26699"}],"wp:term":[{"taxonomy":"category","embeddable":true,"href":"https:\/\/www.locoxelrojo.com\/independiente\/wp-json\/wp\/v2\/categories?post=26699"},{"taxonomy":"post_tag","embeddable":true,"href":"https:\/\/www.locoxelrojo.com\/independiente\/wp-json\/wp\/v2\/tags?post=26699"}],"curies":[{"name":"wp","href":"https:\/\/api.w.org\/{rel}","templated":true}]}}