{"id":26821,"date":"2013-01-29T23:09:22","date_gmt":"2013-01-30T02:09:22","guid":{"rendered":"http:\/\/www.locoxelrojo.com.ar\/independiente\/?p=26821"},"modified":"2013-01-29T23:36:21","modified_gmt":"2013-01-30T02:36:21","slug":"borrelli-la-dirigencia-sabe-que-la-ultima-palabra-la-tiene-el-tecnico","status":"publish","type":"post","link":"https:\/\/www.locoxelrojo.com\/independiente\/2013\/01\/29\/borrelli-la-dirigencia-sabe-que-la-ultima-palabra-la-tiene-el-tecnico\/","title":{"rendered":"Borrelli: &#8220;La dirigencia sabe que la \u00faltima palabra la tiene el t\u00e9cnico&#8221;"},"content":{"rendered":"<p><a href=\"http:\/\/www.locoxelrojo.com.ar\/independiente\/wp-content\/uploads\/2013\/01\/Enrique_Borrelli1.jpg\"><img loading=\"lazy\" class=\"alignnone size-full wp-image-26827\" title=\"Enrique_Borrelli\" src=\"http:\/\/www.locoxelrojo.com.ar\/independiente\/wp-content\/uploads\/2013\/01\/Enrique_Borrelli1.jpg\" alt=\"\" width=\"590\" height=\"315\" srcset=\"https:\/\/locoxelrojo.com\/independiente\/wp-content\/uploads\/2013\/01\/Enrique_Borrelli1.jpg 590w, https:\/\/locoxelrojo.com\/independiente\/wp-content\/uploads\/2013\/01\/Enrique_Borrelli1-300x160.jpg 300w\" sizes=\"(max-width: 590px) 100vw, 590px\" \/><\/a><\/p>\n<p><strong>Enrique Borelli <\/strong>confirm\u00f3 que Paulo Rosales puede llegar a ser titular en el partido ante Tigre y que no lo van a descartar. <strong>\u201cRosales puede ser titular. La dirigencia sabe que la \u00faltima palabra la tiene el t\u00e9cnico. Y nosotros la vamos a utilizar\u201d<\/strong>, sentenci\u00f3 el martes por la noche.<\/p>\n<p><strong>\u201cVivimos con mucha tranquilidad lo de Rosales porque sab\u00edamos que no lo \u00edbamos a dejar ir. Gallego le estuvo diciendo durante 30 d\u00edas c\u00f3mo \u00e9l quer\u00eda que juegue\u201d<\/strong>, asegur\u00f3. Tambi\u00e9n afirm\u00f3 que el descontento de la tribuna con Rosales y Hern\u00e1n Fredes es absoluta responsabilidad del cuerpo t\u00e9cnico. <strong>\u201cNosotros tenemos la obligaci\u00f3n como entrenadores de presentarlos en el campo de juego y que superen las expectativas del rival y de los hinchas. Tenemos que trabajar sobre lo que pasa, pero ellos dos son muy buenos futbolistas\u201d<\/strong>, opin\u00f3 en el programa partidario Rojos de Pasi\u00f3n.<\/p>\n<p>Por otro lado, repiti\u00f3 que el elegido en este mercado de pases era el colombiano Dorlan Pab\u00f3n.<strong> \u201cNuestro deseo importante era Pab\u00f3n y Martin Cauteruccio. Por nuestro planteo t\u00e1ctico, no ten\u00edamos dudas con Gallego de que el colombiano era el refuerzo que necesit\u00e1bamos\u201d<\/strong>, reproch\u00f3. Igualmente, advirti\u00f3 que conf\u00edan en que cualquier jugador que se incorpore est\u00e9 bien f\u00edsicamente.<\/p>\n<p>Por \u00faltimo, pidi\u00f3 cautela ante las pelotas paradas de Independiente. \u00a0<strong>\u201cNo las quisimos hacer en el verano para no las vean\u201d<\/strong>, aclar\u00f3. Y concluy\u00f3: <strong>\u201cLos hemos preparado bien, los hemos mentalizado bien. El plantel completo est\u00e1 dispuesto a jugar. Estamos convencidos que la mala suerte se va a cortar este fin de semana\u201d.<\/strong><\/p>\n","protected":false},"excerpt":{"rendered":"<p>Enrique Borelli confirm\u00f3 que Paulo Rosales puede llegar a ser titular en el partido ante Tigre y que no lo van a descartar. \u201cRosales puede ser titular. La dirigencia sabe que la \u00faltima palabra la tiene el t\u00e9cnico. Y nosotros la vamos a utilizar\u201d, sentenci\u00f3 el martes por la noche. \u201cVivimos con mucha tranquilidad lo [&hellip;]<\/p>\n","protected":false},"author":16,"featured_media":0,"comment_status":"open","ping_status":"open","sticky":false,"template":"","format":"standard","meta":{"_links_to":"","_links_to_target":""},"categories":[3,1],"tags":[634,1902,153,307,1399],"_links":{"self":[{"href":"https:\/\/www.locoxelrojo.com\/independiente\/wp-json\/wp\/v2\/posts\/26821"}],"collection":[{"href":"https:\/\/www.locoxelrojo.com\/independiente\/wp-json\/wp\/v2\/posts"}],"about":[{"href":"https:\/\/www.locoxelrojo.com\/independiente\/wp-json\/wp\/v2\/types\/post"}],"author":[{"embeddable":true,"href":"https:\/\/www.locoxelrojo.com\/independiente\/wp-json\/wp\/v2\/users\/16"}],"replies":[{"embeddable":true,"href":"https:\/\/www.locoxelrojo.com\/independiente\/wp-json\/wp\/v2\/comments?post=26821"}],"version-history":[{"count":0,"href":"https:\/\/www.locoxelrojo.com\/independiente\/wp-json\/wp\/v2\/posts\/26821\/revisions"}],"wp:attachment":[{"href":"https:\/\/www.locoxelrojo.com\/independiente\/wp-json\/wp\/v2\/media?parent=26821"}],"wp:term":[{"taxonomy":"category","embeddable":true,"href":"https:\/\/www.locoxelrojo.com\/independiente\/wp-json\/wp\/v2\/categories?post=26821"},{"taxonomy":"post_tag","embeddable":true,"href":"https:\/\/www.locoxelrojo.com\/independiente\/wp-json\/wp\/v2\/tags?post=26821"}],"curies":[{"name":"wp","href":"https:\/\/api.w.org\/{rel}","templated":true}]}}