{"id":26831,"date":"2013-01-29T23:16:20","date_gmt":"2013-01-30T02:16:20","guid":{"rendered":"http:\/\/www.locoxelrojo.com.ar\/independiente\/?p=26831"},"modified":"2015-09-29T22:51:54","modified_gmt":"2015-09-30T01:51:54","slug":"nunez-entre-24-a-48-hs-para-que-se-resuelva","status":"publish","type":"post","link":"https:\/\/www.locoxelrojo.com\/independiente\/2013\/01\/29\/nunez-entre-24-a-48-hs-para-que-se-resuelva\/","title":{"rendered":"Carlos N\u00fa\u00f1ez, cerca de la definici\u00f3n"},"content":{"rendered":"<p><a href=\"http:\/\/www.locoxelrojo.com.ar\/independiente\/wp-content\/uploads\/2013\/01\/Carlos_Nu\u00f1ez.jpg\"><img loading=\"lazy\" class=\"alignnone size-full wp-image-26834\" title=\"Carlos_Nu\u00f1ez\" src=\"http:\/\/www.locoxelrojo.com.ar\/independiente\/wp-content\/uploads\/2013\/01\/Carlos_Nu\u00f1ez.jpg\" alt=\"\" width=\"590\" height=\"315\" srcset=\"https:\/\/locoxelrojo.com\/independiente\/wp-content\/uploads\/2013\/01\/Carlos_Nu\u00f1ez.jpg 590w, https:\/\/locoxelrojo.com\/independiente\/wp-content\/uploads\/2013\/01\/Carlos_Nu\u00f1ez-300x160.jpg 300w\" sizes=\"(max-width: 590px) 100vw, 590px\" \/><\/a><\/p>\n<p>Carlos Ferragut, quien negocia por la llegada de Carlos Nu\u00f1ez del Liverpool de Uruguay, <strong>expres\u00f3 esta noche que \u201centre ma\u00f1ana o pasado va a haber una definici\u00f3n en el tema\u201d. Desde su punto de vista, &#8220;hay diferencias econ\u00f3micas, pero se va a seguir tratando y charlando&#8221;.<\/strong><\/p>\n<p><strong>\u201cVamos a hacer todo lo posible para poder concretarlo. La idea nuestra es vender un porcentaje del jugador. Un pr\u00e9stamo no es viable\u201d<\/strong>, dispar\u00f3 el Gerente Deportivo del Liverpool en dialog\u00f3 con Rojos de Pasi\u00f3n.<\/p>\n<p>As\u00ed mismo,<strong> aclar\u00f3 que el delantero, aparte de la oferta de Independiente, tambi\u00e9n es seducido por dos equipos de Europa y uno de Brasil. Adem\u00e1s, desminti\u00f3 todos los rumores que surgieron en las \u00faltimas horas sobre un posible inter\u00e9s de Racing. <\/strong><\/p>\n<p><strong>\u201cPara con nosotros no hay noticias de que Racing est\u00e9 interesado por N\u00fa\u00f1ez. Igualmente, tenemos una \u00e9tica de que si estamos negociando con un equipo de Argentina no vamos a negociar paralelamente con otro del mismo pa\u00eds\u201d<\/strong>, asegur\u00f3, aunque reconoci\u00f3 que si llega una oferta que supere en importancia la de Independiente, se evaluar\u00e1, pero que la intenci\u00f3n de N\u00fa\u00f1ez es Independiente.<\/p>\n<p>Por \u00faltimo, confirm\u00f3 que el jugador se encuentra en perfecto estado.<strong> \u201c\u00c9l est\u00e1 entrenando con el equipo&#8221;<\/strong>, cerr\u00f3.<\/p>\n","protected":false},"excerpt":{"rendered":"<p>Carlos Ferragut, quien negocia por la llegada de Carlos Nu\u00f1ez del Liverpool de Uruguay, expres\u00f3 esta noche que \u201centre ma\u00f1ana o pasado va a haber una definici\u00f3n en el tema\u201d. Desde su punto de vista, &#8220;hay diferencias econ\u00f3micas, pero se va a seguir tratando y charlando&#8221;. \u201cVamos a hacer todo lo posible para poder concretarlo. [&hellip;]<\/p>\n","protected":false},"author":16,"featured_media":0,"comment_status":"open","ping_status":"open","sticky":false,"template":"","format":"standard","meta":{"_links_to":"","_links_to_target":""},"categories":[3,1],"tags":[634,1907,1902,153,173,723],"_links":{"self":[{"href":"https:\/\/www.locoxelrojo.com\/independiente\/wp-json\/wp\/v2\/posts\/26831"}],"collection":[{"href":"https:\/\/www.locoxelrojo.com\/independiente\/wp-json\/wp\/v2\/posts"}],"about":[{"href":"https:\/\/www.locoxelrojo.com\/independiente\/wp-json\/wp\/v2\/types\/post"}],"author":[{"embeddable":true,"href":"https:\/\/www.locoxelrojo.com\/independiente\/wp-json\/wp\/v2\/users\/16"}],"replies":[{"embeddable":true,"href":"https:\/\/www.locoxelrojo.com\/independiente\/wp-json\/wp\/v2\/comments?post=26831"}],"version-history":[{"count":0,"href":"https:\/\/www.locoxelrojo.com\/independiente\/wp-json\/wp\/v2\/posts\/26831\/revisions"}],"wp:attachment":[{"href":"https:\/\/www.locoxelrojo.com\/independiente\/wp-json\/wp\/v2\/media?parent=26831"}],"wp:term":[{"taxonomy":"category","embeddable":true,"href":"https:\/\/www.locoxelrojo.com\/independiente\/wp-json\/wp\/v2\/categories?post=26831"},{"taxonomy":"post_tag","embeddable":true,"href":"https:\/\/www.locoxelrojo.com\/independiente\/wp-json\/wp\/v2\/tags?post=26831"}],"curies":[{"name":"wp","href":"https:\/\/api.w.org\/{rel}","templated":true}]}}