{"id":26994,"date":"2013-02-01T21:30:30","date_gmt":"2013-02-02T00:30:30","guid":{"rendered":"http:\/\/www.locoxelrojo.com.ar\/independiente\/?p=26994"},"modified":"2013-02-18T02:39:50","modified_gmt":"2013-02-18T05:39:50","slug":"cantero-da-detalles-sobre-las-negociaciones","status":"publish","type":"post","link":"https:\/\/www.locoxelrojo.com\/independiente\/2013\/02\/01\/cantero-da-detalles-sobre-las-negociaciones\/","title":{"rendered":"Cantero da detalles sobre las negociaciones"},"content":{"rendered":"<p><a href=\"http:\/\/www.locoxelrojo.com.ar\/independiente\/wp-content\/uploads\/2013\/02\/caicedo-nunez-fernandez.jpg\"><img loading=\"lazy\" class=\"alignnone size-full wp-image-26995\" title=\"caicedo-nunez-fernandez\" src=\"http:\/\/www.locoxelrojo.com.ar\/independiente\/wp-content\/uploads\/2013\/02\/caicedo-nunez-fernandez.jpg\" alt=\"\" width=\"590\" height=\"315\" srcset=\"https:\/\/locoxelrojo.com\/independiente\/wp-content\/uploads\/2013\/02\/caicedo-nunez-fernandez.jpg 590w, https:\/\/locoxelrojo.com\/independiente\/wp-content\/uploads\/2013\/02\/caicedo-nunez-fernandez-300x160.jpg 300w\" sizes=\"(max-width: 590px) 100vw, 590px\" \/><\/a><\/p>\n<p><strong>Javier Cantero pas\u00f3 por los estudios de Fox Sports Radio del Plata y cont\u00f3 en detalles las negociaciones que est\u00e1 llevando adelante Independiente para la contrataci\u00f3n del segundo refuerzo. Hay tres nombres apuntados en los que se est\u00e1n negociando de forma simultanea.<br \/>\n<\/strong><\/p>\n<p><strong>&#8220;En Uruguay hablamos con el jugador y la gente de Danubio por el colombiano Caicedo. Nos dej\u00f3 muy buena impresi\u00f3n, muy agradable y buena persona. Una l\u00e1stima que tenga ese conflicto y no lo puedan usar. Iniciamos algunas gestiones, pero siempre hablando sobre un posible pr\u00e9stamo, teniendo en cuenta su situaci\u00f3n. A Gallego es un jugador que le interesa&#8221;<\/strong>, explic\u00f3 en relaci\u00f3n a Juan Fernando Caicedo Ben\u00edtez.<\/p>\n<p>Tambi\u00e9n dio detalles sobre Carlos N\u00fa\u00f1ez, delantero del Liverpool de Uruguay: <strong>&#8220;Es un jugador que Independiente lo sufri\u00f3 mucho en la Copa. Estamos en permanente contacto con la gente del Liverpool. Enviamos una contraoferta por la compra del 100%. Hay algunas diferencias, porque los dirigentes del club uruguayo quieren retener alg\u00fan porcentaje. Con el jugador ya est\u00e1 todo acordado&#8221;<\/strong>.<\/p>\n<p>El tercer nombre apuntado es Sebasti\u00e1n &#8216;Papelito&#8217; Fern\u00e1ndez, de quien se habl\u00f3 mucho en las \u00faltimas horas. <strong>&#8220;Con Fern\u00e1ndez tambi\u00e9n esta todo acordado, pero no as\u00ed con su club. Le enviamos una oferta a la gente del Malaga, tambi\u00e9n por una compra y estamos esperando una respuesta. Es un jugador que nos interesa mucho a nosotros y a Gallego&#8221;<\/strong>, detall\u00f3 el presidente.<\/p>\n<p>Por \u00faltimo, confirm\u00f3 el fastidio de Am\u00e9rico Gallego, pero desestim\u00f3 cualquier rumor sobre un posible alejamiento del entrenador. <strong>&#8220;Est\u00e1 algo ansioso y exigente por el refuerzo que no llega y es l\u00f3gico. Tenemos una muy buena relaci\u00f3n y mucho dialogo. Cuando se cay\u00f3 lo de Pab\u00f3n me dijo &#8216;de Independiente me sac\u00e1n con los pies para adelante&#8217;. A \u00e9l y a m\u00ed, nos vamos juntos&#8221;<\/strong>, cerr\u00f3.<\/p>\n","protected":false},"excerpt":{"rendered":"<p>Javier Cantero pas\u00f3 por los estudios de Fox Sports Radio del Plata y cont\u00f3 en detalles las negociaciones que est\u00e1 llevando adelante Independiente para la contrataci\u00f3n del segundo refuerzo. Hay tres nombres apuntados en los que se est\u00e1n negociando de forma simultanea. &#8220;En Uruguay hablamos con el jugador y la gente de Danubio por el [&hellip;]<\/p>\n","protected":false},"author":1,"featured_media":0,"comment_status":"open","ping_status":"open","sticky":false,"template":"","format":"standard","meta":{"_links_to":"","_links_to_target":""},"categories":[3,1],"tags":[634,1902,153,173,723,1971,1909,35],"_links":{"self":[{"href":"https:\/\/www.locoxelrojo.com\/independiente\/wp-json\/wp\/v2\/posts\/26994"}],"collection":[{"href":"https:\/\/www.locoxelrojo.com\/independiente\/wp-json\/wp\/v2\/posts"}],"about":[{"href":"https:\/\/www.locoxelrojo.com\/independiente\/wp-json\/wp\/v2\/types\/post"}],"author":[{"embeddable":true,"href":"https:\/\/www.locoxelrojo.com\/independiente\/wp-json\/wp\/v2\/users\/1"}],"replies":[{"embeddable":true,"href":"https:\/\/www.locoxelrojo.com\/independiente\/wp-json\/wp\/v2\/comments?post=26994"}],"version-history":[{"count":0,"href":"https:\/\/www.locoxelrojo.com\/independiente\/wp-json\/wp\/v2\/posts\/26994\/revisions"}],"wp:attachment":[{"href":"https:\/\/www.locoxelrojo.com\/independiente\/wp-json\/wp\/v2\/media?parent=26994"}],"wp:term":[{"taxonomy":"category","embeddable":true,"href":"https:\/\/www.locoxelrojo.com\/independiente\/wp-json\/wp\/v2\/categories?post=26994"},{"taxonomy":"post_tag","embeddable":true,"href":"https:\/\/www.locoxelrojo.com\/independiente\/wp-json\/wp\/v2\/tags?post=26994"}],"curies":[{"name":"wp","href":"https:\/\/api.w.org\/{rel}","templated":true}]}}