{"id":27035,"date":"2013-02-03T22:20:32","date_gmt":"2013-02-04T01:20:32","guid":{"rendered":"http:\/\/www.locoxelrojo.com.ar\/independiente\/?p=27035"},"modified":"2013-02-04T00:22:55","modified_gmt":"2013-02-04T03:22:55","slug":"miranda-merecimos-mas-que-el-empate","status":"publish","type":"post","link":"https:\/\/www.locoxelrojo.com\/independiente\/2013\/02\/03\/miranda-merecimos-mas-que-el-empate\/","title":{"rendered":"Miranda: &#8220;Merecimos m\u00e1s que el empate&#8221;"},"content":{"rendered":"<p><a href=\"http:\/\/www.locoxelrojo.com.ar\/independiente\/wp-content\/uploads\/2013\/02\/miranda-cai-cat.jpg\"><img loading=\"lazy\" class=\"alignnone size-full wp-image-27079\" title=\"miranda-cai-cat\" src=\"http:\/\/www.locoxelrojo.com.ar\/independiente\/wp-content\/uploads\/2013\/02\/miranda-cai-cat.jpg\" alt=\"\" width=\"590\" height=\"315\" srcset=\"https:\/\/locoxelrojo.com\/independiente\/wp-content\/uploads\/2013\/02\/miranda-cai-cat.jpg 590w, https:\/\/locoxelrojo.com\/independiente\/wp-content\/uploads\/2013\/02\/miranda-cai-cat-300x160.jpg 300w\" sizes=\"(max-width: 590px) 100vw, 590px\" \/><\/a><\/p>\n<p>Leonel Miranda <strong>entendi\u00f3 que Independiente mereci\u00f3 m\u00e1s que el empate ante Tigre. Adem\u00e1s, elogi\u00f3 a Daniel Montenegro y reconoci\u00f3 que la hinchada alent\u00f3 mucho.<\/strong><\/p>\n<p><strong>&#8220;Estoy contento, pude terminar los 90 minutos, hace mucho no lo hac\u00eda. Merecimos m\u00e1s que el empate.\u00a0Termin\u00e9 bien, es com\u00fan el cansancio que tengo&#8221;<\/strong>, expres\u00f3 en di\u00e1logo con Independiente de Am\u00e9rica por Radio El Mundo.<\/p>\n<p>Luego, al ser consultado por su sociedad con Montenegro, manifest\u00f3: <strong>&#8220;Nunca me imagin\u00e9 este presente y al lado del Rolfi, que me ayuda demasiado, aprendo como jugador. Me habla mucho \u00e9l. De chico siempre ve\u00eda jugar al Rolfi tanto en el Rojo como en River. El Tolo pide que nos juntemos, que vaya para adelante, que encare&#8221;.<\/strong><\/p>\n<p>Finalmente destac\u00f3 el apoyo de la gente. <strong>&#8220;Sab\u00edamos que la cancha iba a estar llena, tenemos que jugar tranquilos, evitar que la gente se ponga en contra. El aliento fue impresionante&#8221;<\/strong>, cerr\u00f3.<\/p>\n","protected":false},"excerpt":{"rendered":"<p>Leonel Miranda entendi\u00f3 que Independiente mereci\u00f3 m\u00e1s que el empate ante Tigre. Adem\u00e1s, elogi\u00f3 a Daniel Montenegro y reconoci\u00f3 que la hinchada alent\u00f3 mucho. &#8220;Estoy contento, pude terminar los 90 minutos, hace mucho no lo hac\u00eda. Merecimos m\u00e1s que el empate.\u00a0Termin\u00e9 bien, es com\u00fan el cansancio que tengo&#8221;, expres\u00f3 en di\u00e1logo con Independiente de Am\u00e9rica [&hellip;]<\/p>\n","protected":false},"author":11,"featured_media":0,"comment_status":"open","ping_status":"open","sticky":false,"template":"","format":"standard","meta":{"_links_to":"","_links_to_target":""},"categories":[3,1],"tags":[153,1859,173,1347],"_links":{"self":[{"href":"https:\/\/www.locoxelrojo.com\/independiente\/wp-json\/wp\/v2\/posts\/27035"}],"collection":[{"href":"https:\/\/www.locoxelrojo.com\/independiente\/wp-json\/wp\/v2\/posts"}],"about":[{"href":"https:\/\/www.locoxelrojo.com\/independiente\/wp-json\/wp\/v2\/types\/post"}],"author":[{"embeddable":true,"href":"https:\/\/www.locoxelrojo.com\/independiente\/wp-json\/wp\/v2\/users\/11"}],"replies":[{"embeddable":true,"href":"https:\/\/www.locoxelrojo.com\/independiente\/wp-json\/wp\/v2\/comments?post=27035"}],"version-history":[{"count":0,"href":"https:\/\/www.locoxelrojo.com\/independiente\/wp-json\/wp\/v2\/posts\/27035\/revisions"}],"wp:attachment":[{"href":"https:\/\/www.locoxelrojo.com\/independiente\/wp-json\/wp\/v2\/media?parent=27035"}],"wp:term":[{"taxonomy":"category","embeddable":true,"href":"https:\/\/www.locoxelrojo.com\/independiente\/wp-json\/wp\/v2\/categories?post=27035"},{"taxonomy":"post_tag","embeddable":true,"href":"https:\/\/www.locoxelrojo.com\/independiente\/wp-json\/wp\/v2\/tags?post=27035"}],"curies":[{"name":"wp","href":"https:\/\/api.w.org\/{rel}","templated":true}]}}