{"id":27126,"date":"2013-02-04T23:00:04","date_gmt":"2013-02-05T02:00:04","guid":{"rendered":"http:\/\/www.locoxelrojo.com.ar\/independiente\/?p=27126"},"modified":"2013-02-21T01:11:53","modified_gmt":"2013-02-21T04:11:53","slug":"contrera-le-pedi-al-medico-que-no-me-saquen","status":"publish","type":"post","link":"https:\/\/www.locoxelrojo.com\/independiente\/2013\/02\/04\/contrera-le-pedi-al-medico-que-no-me-saquen\/","title":{"rendered":"Contrera: &#8220;Le ped\u00ed al m\u00e9dico que no me saquen&#8221;"},"content":{"rendered":"<p><span style=\"font-size: 13px;\">Gonzalo Contrera le pidi\u00f3 a Luis Charad\u00eda que no lo saquen. <\/span><strong style=\"font-size: 13px;\">\u201cCon la adrenalina que ten\u00eda pod\u00eda aguantar, quer\u00eda jugar\u201d,<\/strong><span style=\"font-size: 13px;\"> confes\u00f3. Tambi\u00e9n coment\u00f3 el apoyo recibido por los m\u00e1s grandes, el pedido de Am\u00e9rico Gallego y la pretemporada.<\/span><\/p>\n<p><strong>\u201cTenemos el apoyo de la gente m\u00e1s grande. Nunca nos trataron como pibes, sino a la par de ellos. Eso te da mucha confianza\u201d<\/strong><span style=\"font-size: 13px; line-height: 19px;\">, sostuvo el joven defensor en di\u00e1logo con el programa partidario M\u00e1s Rojo.<\/span><\/p>\n<p><span style=\"font-size: 13px; line-height: 19px;\">Por otra parte, cont\u00f3 que el Tolo dio indicaciones espec\u00edficas<\/span><strong>. \u201cMe pidi\u00f3 que cerrara bien y que no me desbordaran. Tambi\u00e9n que intente marcar y que despu\u00e9s me atreva un poquito a mandarme. Yo trat\u00e9 de hacer lo que sab\u00eda. Fue lo mejor que me sali\u00f3 en el momento\u201d<\/strong><span style=\"font-size: 13px; line-height: 19px;\">, remarc\u00f3. Luego, a\u00f1adi\u00f3: <\/span><strong>\u201cAyer nos jug\u00e1bamos una final y ten\u00edamos que dejar todo\u201d.<\/strong><\/p>\n<p><span style=\"font-size: 13px; line-height: 19px;\">Finalmente, en un momento de reflexi\u00f3n, manifest\u00f3 que no se cree nada por estar jugando en primera<\/span><strong>. \u201cS\u00e9 que tengo que estar siempre con los pies sobre la tierra y nunca pensarse m\u00e1s que el otro\u201d<\/strong><span style=\"font-size: 13px; line-height: 19px;\">, cerr\u00f3.<\/span><\/p>\n","protected":false},"excerpt":{"rendered":"<p>Gonzalo Contrera le pidi\u00f3 a Luis Charad\u00eda que no lo saquen. \u201cCon la adrenalina que ten\u00eda pod\u00eda aguantar, quer\u00eda jugar\u201d, confes\u00f3. Tambi\u00e9n coment\u00f3 el apoyo recibido por los m\u00e1s grandes, el pedido de Am\u00e9rico Gallego y la pretemporada. \u201cTenemos el apoyo de la gente m\u00e1s grande. Nunca nos trataron como pibes, sino a la par [&hellip;]<\/p>\n","protected":false},"author":16,"featured_media":28170,"comment_status":"open","ping_status":"open","sticky":false,"template":"","format":"standard","meta":{"_links_to":"","_links_to_target":""},"categories":[3,5,1],"tags":[153,1914,173,309,1432],"_links":{"self":[{"href":"https:\/\/www.locoxelrojo.com\/independiente\/wp-json\/wp\/v2\/posts\/27126"}],"collection":[{"href":"https:\/\/www.locoxelrojo.com\/independiente\/wp-json\/wp\/v2\/posts"}],"about":[{"href":"https:\/\/www.locoxelrojo.com\/independiente\/wp-json\/wp\/v2\/types\/post"}],"author":[{"embeddable":true,"href":"https:\/\/www.locoxelrojo.com\/independiente\/wp-json\/wp\/v2\/users\/16"}],"replies":[{"embeddable":true,"href":"https:\/\/www.locoxelrojo.com\/independiente\/wp-json\/wp\/v2\/comments?post=27126"}],"version-history":[{"count":0,"href":"https:\/\/www.locoxelrojo.com\/independiente\/wp-json\/wp\/v2\/posts\/27126\/revisions"}],"wp:featuredmedia":[{"embeddable":true,"href":"https:\/\/www.locoxelrojo.com\/independiente\/wp-json\/wp\/v2\/media\/28170"}],"wp:attachment":[{"href":"https:\/\/www.locoxelrojo.com\/independiente\/wp-json\/wp\/v2\/media?parent=27126"}],"wp:term":[{"taxonomy":"category","embeddable":true,"href":"https:\/\/www.locoxelrojo.com\/independiente\/wp-json\/wp\/v2\/categories?post=27126"},{"taxonomy":"post_tag","embeddable":true,"href":"https:\/\/www.locoxelrojo.com\/independiente\/wp-json\/wp\/v2\/tags?post=27126"}],"curies":[{"name":"wp","href":"https:\/\/api.w.org\/{rel}","templated":true}]}}