{"id":27246,"date":"2013-02-08T14:04:32","date_gmt":"2013-02-08T17:04:32","guid":{"rendered":"http:\/\/www.locoxelrojo.com.ar\/independiente\/?p=27246"},"modified":"2013-02-21T00:25:51","modified_gmt":"2013-02-21T03:25:51","slug":"caicedo-concentra-ante-newells","status":"publish","type":"post","link":"https:\/\/www.locoxelrojo.com\/independiente\/2013\/02\/08\/caicedo-concentra-ante-newells\/","title":{"rendered":"Caicedo concentra ante Newell&#8217;s"},"content":{"rendered":"<p><strong style=\"font-size: 13px;\">Am\u00e9rico Rub\u00e9n Gallego guard\u00f3 a 18 jugadores<\/strong><span style=\"font-size: 13px;\"> para enfrentar el domingo a Newell&#8217;s en el Libertadores de Am\u00e9rica por la primera fecha del Torneo Final. \u00a0La novedad pasa por la inclusi\u00f3n de Juan Fernando Caicedo, quien todav\u00eda no est\u00e1 habilitado para jugar.<\/span><\/p>\n<p>Con las bajas de Luciano Leguizam\u00f3n, Juli\u00e1n Vel\u00e1zquez, Sergio Ojeda y Roberto Batti\u00f3n por diferentes molestias, el Tolo arm\u00f3 la lista de concentrados. Llamativamente apareci\u00f3 el nombre del colombiano, <strong>que convirti\u00f3 dos goles en la pr\u00e1ctica matutina<\/strong>, pero hay que esperar por la habilitaci\u00f3n para que llegue ante el equipo de Gerardo Martino.<\/p>\n<p><strong>Los concentrados:<\/strong><\/p>\n<p><strong>Arqueros: <\/strong>Diego Rodr\u00edguez e Hilario Navarro.<\/p>\n<p><strong>Defensores: <\/strong>Eduardo Tuzzio, Cristian Tula, Claudio Morel Rodr\u00edguez, Gonzalo Contrera y Leonel Galeano.<\/p>\n<p><strong>Volantes: <\/strong>Leonel Miranda, Federico Mancuello, Fernando Godoy, Jonathan Santana, Osmar Ferreyra, Fabi\u00e1n Vargas y Daniel Montenegro.<\/p>\n<p><strong>Delanteros: <\/strong>Ernesto Far\u00edas, Mart\u00edn Ben\u00edtez, Patricio Vidal y Juan Caicedo.<\/p>\n","protected":false},"excerpt":{"rendered":"<p>Am\u00e9rico Rub\u00e9n Gallego guard\u00f3 a 18 jugadores para enfrentar el domingo a Newell&#8217;s en el Libertadores de Am\u00e9rica por la primera fecha del Torneo Final. \u00a0La novedad pasa por la inclusi\u00f3n de Juan Fernando Caicedo, quien todav\u00eda no est\u00e1 habilitado para jugar. Con las bajas de Luciano Leguizam\u00f3n, Juli\u00e1n Vel\u00e1zquez, Sergio Ojeda y Roberto Batti\u00f3n [&hellip;]<\/p>\n","protected":false},"author":11,"featured_media":28109,"comment_status":"open","ping_status":"open","sticky":false,"template":"","format":"standard","meta":{"_links_to":"","_links_to_target":""},"categories":[3,1],"tags":[153,173,1971],"_links":{"self":[{"href":"https:\/\/www.locoxelrojo.com\/independiente\/wp-json\/wp\/v2\/posts\/27246"}],"collection":[{"href":"https:\/\/www.locoxelrojo.com\/independiente\/wp-json\/wp\/v2\/posts"}],"about":[{"href":"https:\/\/www.locoxelrojo.com\/independiente\/wp-json\/wp\/v2\/types\/post"}],"author":[{"embeddable":true,"href":"https:\/\/www.locoxelrojo.com\/independiente\/wp-json\/wp\/v2\/users\/11"}],"replies":[{"embeddable":true,"href":"https:\/\/www.locoxelrojo.com\/independiente\/wp-json\/wp\/v2\/comments?post=27246"}],"version-history":[{"count":0,"href":"https:\/\/www.locoxelrojo.com\/independiente\/wp-json\/wp\/v2\/posts\/27246\/revisions"}],"wp:featuredmedia":[{"embeddable":true,"href":"https:\/\/www.locoxelrojo.com\/independiente\/wp-json\/wp\/v2\/media\/28109"}],"wp:attachment":[{"href":"https:\/\/www.locoxelrojo.com\/independiente\/wp-json\/wp\/v2\/media?parent=27246"}],"wp:term":[{"taxonomy":"category","embeddable":true,"href":"https:\/\/www.locoxelrojo.com\/independiente\/wp-json\/wp\/v2\/categories?post=27246"},{"taxonomy":"post_tag","embeddable":true,"href":"https:\/\/www.locoxelrojo.com\/independiente\/wp-json\/wp\/v2\/tags?post=27246"}],"curies":[{"name":"wp","href":"https:\/\/api.w.org\/{rel}","templated":true}]}}