{"id":27295,"date":"2013-02-10T20:25:55","date_gmt":"2013-02-10T23:25:55","guid":{"rendered":"http:\/\/www.locoxelrojo.com.ar\/independiente\/?p=27295"},"modified":"2013-02-11T02:54:41","modified_gmt":"2013-02-11T05:54:41","slug":"farias-y-otro-partido-para-el-olvido","status":"publish","type":"post","link":"https:\/\/www.locoxelrojo.com\/independiente\/2013\/02\/10\/farias-y-otro-partido-para-el-olvido\/","title":{"rendered":"Far\u00edas y otro partido para el olvido"},"content":{"rendered":"<p><a href=\"http:\/\/www.locoxelrojo.com.ar\/independiente\/wp-content\/uploads\/2013\/02\/Ernesto_Farias_Newells.jpg\"><img loading=\"lazy\" class=\"alignnone size-full wp-image-27296\" title=\"Ernesto_Farias_Newells\" src=\"http:\/\/www.locoxelrojo.com.ar\/independiente\/wp-content\/uploads\/2013\/02\/Ernesto_Farias_Newells.jpg\" alt=\"\" width=\"590\" height=\"315\" srcset=\"https:\/\/locoxelrojo.com\/independiente\/wp-content\/uploads\/2013\/02\/Ernesto_Farias_Newells.jpg 590w, https:\/\/locoxelrojo.com\/independiente\/wp-content\/uploads\/2013\/02\/Ernesto_Farias_Newells-300x160.jpg 300w\" sizes=\"(max-width: 590px) 100vw, 590px\" \/><\/a><\/p>\n<p>Tras la pol\u00e9mica por no haber querido jugar frente a Tigre sin tener lesi\u00f3n y, luego de dos estudios que no arrojaron nada, <strong>Ernesto Far\u00edas volvi\u00f3 a ser titular en Independiente<\/strong>. Tuvo una clara en el primer tiempo y no la pudo definir. En el segundo le sac\u00f3 el penal a Montenegro y lo malogr\u00f3.<\/p>\n<p>En offside durante los ataques, detr\u00e1s de las jugadas y lejos del \u00e1rea, Ernesto Far\u00edas <strong>solo marc\u00f3 5 goles en los \u00faltimos 20 partidos<\/strong>. Se trata de <strong>la peor racha desde que est\u00e1 en el club con 9 partidos sin ganar.<\/strong><\/p>\n<p><strong>En Independiente totaliza 12 goles en 34 partidos. <\/strong>Cinco de esos partidos fueron por torneos internacionales en donde marc\u00f3 1 gol.<strong> En su carrera totaliza 155 goles en 339 partidos.<br \/>\n<\/strong><\/p>\n","protected":false},"excerpt":{"rendered":"<p>Tras la pol\u00e9mica por no haber querido jugar frente a Tigre sin tener lesi\u00f3n y, luego de dos estudios que no arrojaron nada, Ernesto Far\u00edas volvi\u00f3 a ser titular en Independiente. Tuvo una clara en el primer tiempo y no la pudo definir. En el segundo le sac\u00f3 el penal a Montenegro y lo malogr\u00f3. [&hellip;]<\/p>\n","protected":false},"author":1,"featured_media":0,"comment_status":"open","ping_status":"open","sticky":false,"template":"","format":"standard","meta":{"_links_to":"","_links_to_target":""},"categories":[3,1],"tags":[153,946,173,183,1432],"_links":{"self":[{"href":"https:\/\/www.locoxelrojo.com\/independiente\/wp-json\/wp\/v2\/posts\/27295"}],"collection":[{"href":"https:\/\/www.locoxelrojo.com\/independiente\/wp-json\/wp\/v2\/posts"}],"about":[{"href":"https:\/\/www.locoxelrojo.com\/independiente\/wp-json\/wp\/v2\/types\/post"}],"author":[{"embeddable":true,"href":"https:\/\/www.locoxelrojo.com\/independiente\/wp-json\/wp\/v2\/users\/1"}],"replies":[{"embeddable":true,"href":"https:\/\/www.locoxelrojo.com\/independiente\/wp-json\/wp\/v2\/comments?post=27295"}],"version-history":[{"count":0,"href":"https:\/\/www.locoxelrojo.com\/independiente\/wp-json\/wp\/v2\/posts\/27295\/revisions"}],"wp:attachment":[{"href":"https:\/\/www.locoxelrojo.com\/independiente\/wp-json\/wp\/v2\/media?parent=27295"}],"wp:term":[{"taxonomy":"category","embeddable":true,"href":"https:\/\/www.locoxelrojo.com\/independiente\/wp-json\/wp\/v2\/categories?post=27295"},{"taxonomy":"post_tag","embeddable":true,"href":"https:\/\/www.locoxelrojo.com\/independiente\/wp-json\/wp\/v2\/tags?post=27295"}],"curies":[{"name":"wp","href":"https:\/\/api.w.org\/{rel}","templated":true}]}}