{"id":27307,"date":"2013-02-10T21:04:58","date_gmt":"2013-02-11T00:04:58","guid":{"rendered":"http:\/\/www.locoxelrojo.com.ar\/independiente\/?p=27307"},"modified":"2013-02-18T23:52:04","modified_gmt":"2013-02-19T02:52:04","slug":"vargas-se-lo-pierde-con-velez","status":"publish","type":"post","link":"https:\/\/www.locoxelrojo.com\/independiente\/2013\/02\/10\/vargas-se-lo-pierde-con-velez\/","title":{"rendered":"Vargas se lo pierde con V\u00e9lez"},"content":{"rendered":"<p>Fabi\u00e1n Vargas lleg\u00f3 a la quinta amarilla esta tarde ante Newell&#8217;s y<strong> se perder\u00e1 el partido contra V\u00e9lez el pr\u00f3ximo s\u00e1bado en Liniers. Vuelve con Racing.<\/strong><\/p>\n<p>El colombiano fue amonestado otra vez y deber\u00e1 cumplir una fecha de suspensi\u00f3n. Es una baja importante para Am\u00e9rico Gallego,<strong> quien tendr\u00e1 que elegir entre Fernando Godoy y Roberto Batti\u00f3n<\/strong> para que est\u00e9n presentes ante los de Ricardo Gareca.<\/p>\n","protected":false},"excerpt":{"rendered":"<p>Fabi\u00e1n Vargas lleg\u00f3 a la quinta amarilla esta tarde ante Newell&#8217;s y se perder\u00e1 el partido contra V\u00e9lez el pr\u00f3ximo s\u00e1bado en Liniers. Vuelve con Racing. El colombiano fue amonestado otra vez y deber\u00e1 cumplir una fecha de suspensi\u00f3n. Es una baja importante para Am\u00e9rico Gallego, quien tendr\u00e1 que elegir entre Fernando Godoy y Roberto [&hellip;]<\/p>\n","protected":false},"author":11,"featured_media":27921,"comment_status":"open","ping_status":"open","sticky":false,"template":"","format":"standard","meta":{"_links_to":"","_links_to_target":""},"categories":[3,1],"tags":[153,1560,173,1432],"_links":{"self":[{"href":"https:\/\/www.locoxelrojo.com\/independiente\/wp-json\/wp\/v2\/posts\/27307"}],"collection":[{"href":"https:\/\/www.locoxelrojo.com\/independiente\/wp-json\/wp\/v2\/posts"}],"about":[{"href":"https:\/\/www.locoxelrojo.com\/independiente\/wp-json\/wp\/v2\/types\/post"}],"author":[{"embeddable":true,"href":"https:\/\/www.locoxelrojo.com\/independiente\/wp-json\/wp\/v2\/users\/11"}],"replies":[{"embeddable":true,"href":"https:\/\/www.locoxelrojo.com\/independiente\/wp-json\/wp\/v2\/comments?post=27307"}],"version-history":[{"count":0,"href":"https:\/\/www.locoxelrojo.com\/independiente\/wp-json\/wp\/v2\/posts\/27307\/revisions"}],"wp:featuredmedia":[{"embeddable":true,"href":"https:\/\/www.locoxelrojo.com\/independiente\/wp-json\/wp\/v2\/media\/27921"}],"wp:attachment":[{"href":"https:\/\/www.locoxelrojo.com\/independiente\/wp-json\/wp\/v2\/media?parent=27307"}],"wp:term":[{"taxonomy":"category","embeddable":true,"href":"https:\/\/www.locoxelrojo.com\/independiente\/wp-json\/wp\/v2\/categories?post=27307"},{"taxonomy":"post_tag","embeddable":true,"href":"https:\/\/www.locoxelrojo.com\/independiente\/wp-json\/wp\/v2\/tags?post=27307"}],"curies":[{"name":"wp","href":"https:\/\/api.w.org\/{rel}","templated":true}]}}