{"id":27362,"date":"2013-02-11T18:41:41","date_gmt":"2013-02-11T21:41:41","guid":{"rendered":"http:\/\/www.locoxelrojo.com.ar\/independiente\/?p=27362"},"modified":"2013-02-18T22:49:24","modified_gmt":"2013-02-19T01:49:24","slug":"montenegro-el-encargado-de-patear-con-newells-era-el-tecla","status":"publish","type":"post","link":"https:\/\/www.locoxelrojo.com\/independiente\/2013\/02\/11\/montenegro-el-encargado-de-patear-con-newells-era-el-tecla\/","title":{"rendered":"Montenegro: &#8220;El encargado de patear con Newell&#8217;s era el Tecla&#8221;"},"content":{"rendered":"<p>Daniel Montenegro cont\u00f3 esta tarde que <strong>&#8220;el encargado de patear el penal con Newell&#8217;s era el Tecla&#8221;. Adem\u00e1s, admiti\u00f3 que el equipo tuvo todo para ganarlo y pag\u00f3 caro los errores cometidos.<\/strong><\/p>\n<p><strong>&#8220;Con Tigre el indicado para patear era yo. Pero en los papeles con Newell&#8217;s, el encargado era el Tecla. Pate\u00f3 muchos penales, ahora le toc\u00f3 errar. Me dijo que quiso asegurar y se le abri\u00f3 m\u00e1s de lo normal&#8221;<\/strong>, expres\u00f3 el enganche en di\u00e1logo con Un Buen Momento por La Red.<strong> &#8220;Para m\u00ed es fundamental levantar al Tecla. Es un delantero que cualquier equipo le gustar\u00eda tener. Hay que darle confianza&#8221;<\/strong>, a\u00f1adi\u00f3.<\/p>\n<p>Luego, al hacer el an\u00e1lisis de la derrota contra el equipo de Gerardo Martino, manifest\u00f3: <strong>&#8220;El 3 a 1 es exagerado. Estamos pagando de esa manera los errores que cometemos. Ten\u00edamos todo para ganarlo, es el \u00fanico an\u00e1lisis que podemos hacer.\u00a0Est\u00e1bamos mal en el vestuario porque ven\u00edamos trabajando bien y ten\u00edamos la ilusi\u00f3n de ganar&#8221;. <\/strong><strong>Y agreg\u00f3 que hay mala fortuna: <strong>&#8220;Lo que no se puede reprochar es la actitud. Tambi\u00e9n hay mala suerte, Contrera se lastima, entra Tuzzio y le pasa lo mismo&#8221;.<\/strong><\/strong><\/p>\n<p>Finalmente, al igual que Far\u00edas, desminti\u00f3 las versiones que indicaban que hubo un conflicto por la capitan\u00eda.<strong> &#8220;El Tecla no se molest\u00f3 por la cinta. Si a m\u00ed no me la hubiesen dado tampoco me molestaba&#8221;<\/strong>, concluy\u00f3.<\/p>\n","protected":false},"excerpt":{"rendered":"<p>Daniel Montenegro cont\u00f3 esta tarde que &#8220;el encargado de patear el penal con Newell&#8217;s era el Tecla&#8221;. Adem\u00e1s, admiti\u00f3 que el equipo tuvo todo para ganarlo y pag\u00f3 caro los errores cometidos. &#8220;Con Tigre el indicado para patear era yo. Pero en los papeles con Newell&#8217;s, el encargado era el Tecla. Pate\u00f3 muchos penales, ahora [&hellip;]<\/p>\n","protected":false},"author":11,"featured_media":27897,"comment_status":"open","ping_status":"open","sticky":false,"template":"","format":"standard","meta":{"_links_to":"","_links_to_target":""},"categories":[3,1],"tags":[153,1859,946,173],"_links":{"self":[{"href":"https:\/\/www.locoxelrojo.com\/independiente\/wp-json\/wp\/v2\/posts\/27362"}],"collection":[{"href":"https:\/\/www.locoxelrojo.com\/independiente\/wp-json\/wp\/v2\/posts"}],"about":[{"href":"https:\/\/www.locoxelrojo.com\/independiente\/wp-json\/wp\/v2\/types\/post"}],"author":[{"embeddable":true,"href":"https:\/\/www.locoxelrojo.com\/independiente\/wp-json\/wp\/v2\/users\/11"}],"replies":[{"embeddable":true,"href":"https:\/\/www.locoxelrojo.com\/independiente\/wp-json\/wp\/v2\/comments?post=27362"}],"version-history":[{"count":0,"href":"https:\/\/www.locoxelrojo.com\/independiente\/wp-json\/wp\/v2\/posts\/27362\/revisions"}],"wp:featuredmedia":[{"embeddable":true,"href":"https:\/\/www.locoxelrojo.com\/independiente\/wp-json\/wp\/v2\/media\/27897"}],"wp:attachment":[{"href":"https:\/\/www.locoxelrojo.com\/independiente\/wp-json\/wp\/v2\/media?parent=27362"}],"wp:term":[{"taxonomy":"category","embeddable":true,"href":"https:\/\/www.locoxelrojo.com\/independiente\/wp-json\/wp\/v2\/categories?post=27362"},{"taxonomy":"post_tag","embeddable":true,"href":"https:\/\/www.locoxelrojo.com\/independiente\/wp-json\/wp\/v2\/tags?post=27362"}],"curies":[{"name":"wp","href":"https:\/\/api.w.org\/{rel}","templated":true}]}}