{"id":27376,"date":"2013-02-11T23:58:42","date_gmt":"2013-02-12T02:58:42","guid":{"rendered":"http:\/\/www.locoxelrojo.com.ar\/independiente\/?p=27376"},"modified":"2013-02-18T22:43:44","modified_gmt":"2013-02-19T01:43:44","slug":"zapata-quiero-sumar-y-competir-por-un-puesto","status":"publish","type":"post","link":"https:\/\/www.locoxelrojo.com\/independiente\/2013\/02\/11\/zapata-quiero-sumar-y-competir-por-un-puesto\/","title":{"rendered":"Zapata: &#8220;Quiero sumar y competir por un puesto&#8221;"},"content":{"rendered":"<p>V\u00edctor Zapata volvi\u00f3 a declarar esta noche <strong>sobre su separaci\u00f3n del plantel y reiter\u00f3 que desea volver al equipo. &#8220;Quiero sumar y competir por un puesto&#8221;<\/strong>, manifest\u00f3. Luego, <strong>volvi\u00f3 a desmentir una pelea con Am\u00e9rico Gallego.<\/strong><\/p>\n<p><strong>&#8220;Estoy entrenando y esperando con muchas ganas. Quiero sumar y no restar, entrenar con mis compa\u00f1eros y competir por un puesto. Tengo unas ganas terribles de estar jugando junto a mis compa\u00f1eros. Tuve la oportunidad de irme, pero no era mi idea&#8221;<\/strong>, expres\u00f3 en di\u00e1logo con M\u00e1s Rojo Radio.<\/p>\n<p>Luego se refiri\u00f3 a la pretemporada que debi\u00f3 hacer por su cuenta y admiti\u00f3: <strong>&#8220;Esta pretemporada ha sido muy dura psicol\u00f3gicamente&#8221;.<\/strong><\/p>\n<p>Finalmente desminti\u00f3 que se haya peleado con Gallego y sostuvo que el club es m\u00e1s importante que los nombres propios. <strong>&#8220;No tuve ninguna discusi\u00f3n con el entrenador, hubo malentendidos. Independiente es m\u00e1s importante que cualquier nombre&#8221;<\/strong>, cerr\u00f3.<\/p>\n","protected":false},"excerpt":{"rendered":"<p>V\u00edctor Zapata volvi\u00f3 a declarar esta noche sobre su separaci\u00f3n del plantel y reiter\u00f3 que desea volver al equipo. &#8220;Quiero sumar y competir por un puesto&#8221;, manifest\u00f3. Luego, volvi\u00f3 a desmentir una pelea con Am\u00e9rico Gallego. &#8220;Estoy entrenando y esperando con muchas ganas. Quiero sumar y no restar, entrenar con mis compa\u00f1eros y competir por [&hellip;]<\/p>\n","protected":false},"author":11,"featured_media":27888,"comment_status":"open","ping_status":"open","sticky":false,"template":"","format":"standard","meta":{"_links_to":"","_links_to_target":""},"categories":[3,1],"tags":[634,153,173,1571],"_links":{"self":[{"href":"https:\/\/www.locoxelrojo.com\/independiente\/wp-json\/wp\/v2\/posts\/27376"}],"collection":[{"href":"https:\/\/www.locoxelrojo.com\/independiente\/wp-json\/wp\/v2\/posts"}],"about":[{"href":"https:\/\/www.locoxelrojo.com\/independiente\/wp-json\/wp\/v2\/types\/post"}],"author":[{"embeddable":true,"href":"https:\/\/www.locoxelrojo.com\/independiente\/wp-json\/wp\/v2\/users\/11"}],"replies":[{"embeddable":true,"href":"https:\/\/www.locoxelrojo.com\/independiente\/wp-json\/wp\/v2\/comments?post=27376"}],"version-history":[{"count":0,"href":"https:\/\/www.locoxelrojo.com\/independiente\/wp-json\/wp\/v2\/posts\/27376\/revisions"}],"wp:featuredmedia":[{"embeddable":true,"href":"https:\/\/www.locoxelrojo.com\/independiente\/wp-json\/wp\/v2\/media\/27888"}],"wp:attachment":[{"href":"https:\/\/www.locoxelrojo.com\/independiente\/wp-json\/wp\/v2\/media?parent=27376"}],"wp:term":[{"taxonomy":"category","embeddable":true,"href":"https:\/\/www.locoxelrojo.com\/independiente\/wp-json\/wp\/v2\/categories?post=27376"},{"taxonomy":"post_tag","embeddable":true,"href":"https:\/\/www.locoxelrojo.com\/independiente\/wp-json\/wp\/v2\/tags?post=27376"}],"curies":[{"name":"wp","href":"https:\/\/api.w.org\/{rel}","templated":true}]}}