{"id":27387,"date":"2013-02-12T13:29:29","date_gmt":"2013-02-12T16:29:29","guid":{"rendered":"http:\/\/www.locoxelrojo.com.ar\/independiente\/?p=27387"},"modified":"2013-02-18T23:56:30","modified_gmt":"2013-02-19T02:56:30","slug":"farias-abri-mucho-el-pie-y-se-fue-muy-arriba","status":"publish","type":"post","link":"https:\/\/www.locoxelrojo.com\/independiente\/2013\/02\/12\/farias-abri-mucho-el-pie-y-se-fue-muy-arriba\/","title":{"rendered":"Far\u00edas: &#8220;Abr\u00ed mucho el pie y se fue muy arriba&#8221;"},"content":{"rendered":"<p>Ernesto Far\u00edas fue el primero en emitir declaraciones luego del comienzo de los trabajos.\u00a0<strong>&#8220;Soy responsable. Despu\u00e9s del penal, el equipo se cay\u00f3. Estoy preparado para todo, no le temo a nada&#8221;<\/strong>, dijo el delantero. Y explic\u00f3 sobre el penal: &#8220;M<strong>e sali\u00f3 fuerte y se fue. Le pegu\u00e9 mal y por eso fue donde fue la pelota, abr\u00ed mucho el pie y se fue muy arriba&#8221;.<\/strong><\/p>\n<p>Adem\u00e1s, admiti\u00f3 que afect\u00f3 en el resultado final: &#8220;<strong>El penal marc\u00f3 mucho el estado an\u00edmico, todo se dimensiona m\u00e1s por el momento que estamos viviendo. Uno es responsable por haber errado&#8221;.<\/strong> De todas formas, fue optimista de cara al futuro: &#8220;<strong>Estamos muy unidos. Debemos hacernos fuertes \u00a0y el objetivo se va a lograr&#8221;.<\/strong><\/p>\n<p>Por otro lado, se refiri\u00f3 a la designaci\u00f3n de Daniel Montenegro como Capit\u00e1n por parte de Am\u00e9rico Gallego, quien no le dio explicaciones. &#8220;<strong>El DT es el que decide qui\u00e9n es el capit\u00e1n. El Rolfi es un gran profesional y es referente&#8221;<\/strong>, soslay\u00f3. Por \u00faltimo, destac\u00f3 que ser\u00e1 el entrenador quien designe al pr\u00f3ximo pateador de penales. <strong>&#8220;S<\/strong><strong>iempre voy a estar preparado para volver a patear&#8221;<\/strong>, cerr\u00f3.<\/p>\n","protected":false},"excerpt":{"rendered":"<p>Ernesto Far\u00edas fue el primero en emitir declaraciones luego del comienzo de los trabajos.\u00a0&#8220;Soy responsable. Despu\u00e9s del penal, el equipo se cay\u00f3. Estoy preparado para todo, no le temo a nada&#8221;, dijo el delantero. Y explic\u00f3 sobre el penal: &#8220;Me sali\u00f3 fuerte y se fue. Le pegu\u00e9 mal y por eso fue donde fue la [&hellip;]<\/p>\n","protected":false},"author":11,"featured_media":27926,"comment_status":"open","ping_status":"open","sticky":false,"template":"","format":"standard","meta":{"_links_to":"","_links_to_target":""},"categories":[3,1],"tags":[1837,153,1859,946,173,1972],"_links":{"self":[{"href":"https:\/\/www.locoxelrojo.com\/independiente\/wp-json\/wp\/v2\/posts\/27387"}],"collection":[{"href":"https:\/\/www.locoxelrojo.com\/independiente\/wp-json\/wp\/v2\/posts"}],"about":[{"href":"https:\/\/www.locoxelrojo.com\/independiente\/wp-json\/wp\/v2\/types\/post"}],"author":[{"embeddable":true,"href":"https:\/\/www.locoxelrojo.com\/independiente\/wp-json\/wp\/v2\/users\/11"}],"replies":[{"embeddable":true,"href":"https:\/\/www.locoxelrojo.com\/independiente\/wp-json\/wp\/v2\/comments?post=27387"}],"version-history":[{"count":0,"href":"https:\/\/www.locoxelrojo.com\/independiente\/wp-json\/wp\/v2\/posts\/27387\/revisions"}],"wp:featuredmedia":[{"embeddable":true,"href":"https:\/\/www.locoxelrojo.com\/independiente\/wp-json\/wp\/v2\/media\/27926"}],"wp:attachment":[{"href":"https:\/\/www.locoxelrojo.com\/independiente\/wp-json\/wp\/v2\/media?parent=27387"}],"wp:term":[{"taxonomy":"category","embeddable":true,"href":"https:\/\/www.locoxelrojo.com\/independiente\/wp-json\/wp\/v2\/categories?post=27387"},{"taxonomy":"post_tag","embeddable":true,"href":"https:\/\/www.locoxelrojo.com\/independiente\/wp-json\/wp\/v2\/tags?post=27387"}],"curies":[{"name":"wp","href":"https:\/\/api.w.org\/{rel}","templated":true}]}}