{"id":27408,"date":"2013-02-12T20:18:18","date_gmt":"2013-02-12T23:18:18","guid":{"rendered":"http:\/\/www.locoxelrojo.com.ar\/independiente\/?p=27408"},"modified":"2013-02-18T22:40:17","modified_gmt":"2013-02-19T01:40:17","slug":"miranda-si-me-tengo-que-tirar-de-cabeza-lo-hago","status":"publish","type":"post","link":"https:\/\/www.locoxelrojo.com\/independiente\/2013\/02\/12\/miranda-si-me-tengo-que-tirar-de-cabeza-lo-hago\/","title":{"rendered":"Miranda: &#8220;Si me tengo que tirar de cabeza, lo hago&#8221;"},"content":{"rendered":"<p>Leonel Miranda dialog\u00f3 esta tarde en Rojos de Pasi\u00f3n por Radio Gama y<strong> demostr\u00f3 que se jugar\u00e1 la vida para salir de este momento. &#8220;Si me tengo que tirar de cabeza, lo hago&#8221;<\/strong>, sentenci\u00f3. Por otro lado, <strong>remarc\u00f3 la sociedad con Daniel Montenegro y reconoci\u00f3 el apoyo de los hinchas.<\/strong><\/p>\n<p><strong>&#8220;Si me tengo que tirar de cabeza, me tirar\u00eda de cabeza. Estoy orgulloso de jugar en un club como Independiente.\u00a0Uno que lo vive de adentro tiene m\u00e1s bronca que tristeza por el resultado porque dimos todo y tuvimos chances para ganar, pero hay que salir de esta mala racha&#8221;<\/strong>, expres\u00f3 el volante.<\/p>\n<p>Al ser consultado por su relaci\u00f3n con Daniel Montenegro, destac\u00f3: <strong>&#8220;Creo que la sociedad con Montenegro se dio naturalmente. Me encanta jugar con \u00e9l y me pone muy contento. Cada d\u00eda y en cada entrenamiento aprendo mucho con \u00e9l&#8221;.<\/strong><\/p>\n<p>Adem\u00e1s, si bien reconoci\u00f3 que no se sinti\u00f3 c\u00f3modo como volante por derecha en el segundo tiempo ante Newell&#8217;s, asegur\u00f3 que est\u00e1 a disposici\u00f3n en cualquier parte de la cancha. <strong>&#8220;Perd\u00ed un poco de juego por derecha, pero tengo que jugar donde me necesite el Tolo y tratar de dar lo mejor para el equipo. Queremos salir adelante&#8221;<\/strong>, sostuvo.<\/p>\n<p>Finalmente se refiri\u00f3 al aliento de la gente y asever\u00f3 que influye en los jugadores. <strong>&#8220;Siento mucho el apoyo de la gente y me pone contento que la gente se de cuenta de lo que estamos haciendo. Se nos hace m\u00e1s f\u00e1cil a pesar de que nos toc\u00f3 ir perdiendo&#8221;<\/strong>, cerr\u00f3.<\/p>\n","protected":false},"excerpt":{"rendered":"<p>Leonel Miranda dialog\u00f3 esta tarde en Rojos de Pasi\u00f3n por Radio Gama y demostr\u00f3 que se jugar\u00e1 la vida para salir de este momento. &#8220;Si me tengo que tirar de cabeza, lo hago&#8221;, sentenci\u00f3. Por otro lado, remarc\u00f3 la sociedad con Daniel Montenegro y reconoci\u00f3 el apoyo de los hinchas. &#8220;Si me tengo que tirar [&hellip;]<\/p>\n","protected":false},"author":11,"featured_media":27883,"comment_status":"open","ping_status":"open","sticky":false,"template":"","format":"standard","meta":{"_links_to":"","_links_to_target":""},"categories":[3,1],"tags":[153,1859,173,1347],"_links":{"self":[{"href":"https:\/\/www.locoxelrojo.com\/independiente\/wp-json\/wp\/v2\/posts\/27408"}],"collection":[{"href":"https:\/\/www.locoxelrojo.com\/independiente\/wp-json\/wp\/v2\/posts"}],"about":[{"href":"https:\/\/www.locoxelrojo.com\/independiente\/wp-json\/wp\/v2\/types\/post"}],"author":[{"embeddable":true,"href":"https:\/\/www.locoxelrojo.com\/independiente\/wp-json\/wp\/v2\/users\/11"}],"replies":[{"embeddable":true,"href":"https:\/\/www.locoxelrojo.com\/independiente\/wp-json\/wp\/v2\/comments?post=27408"}],"version-history":[{"count":0,"href":"https:\/\/www.locoxelrojo.com\/independiente\/wp-json\/wp\/v2\/posts\/27408\/revisions"}],"wp:featuredmedia":[{"embeddable":true,"href":"https:\/\/www.locoxelrojo.com\/independiente\/wp-json\/wp\/v2\/media\/27883"}],"wp:attachment":[{"href":"https:\/\/www.locoxelrojo.com\/independiente\/wp-json\/wp\/v2\/media?parent=27408"}],"wp:term":[{"taxonomy":"category","embeddable":true,"href":"https:\/\/www.locoxelrojo.com\/independiente\/wp-json\/wp\/v2\/categories?post=27408"},{"taxonomy":"post_tag","embeddable":true,"href":"https:\/\/www.locoxelrojo.com\/independiente\/wp-json\/wp\/v2\/tags?post=27408"}],"curies":[{"name":"wp","href":"https:\/\/api.w.org\/{rel}","templated":true}]}}